{"id":541,"date":"2024-09-16T14:13:57","date_gmt":"2024-09-16T20:13:57","guid":{"rendered":"https:\/\/blogs.elca.org\/elcaracialjustice\/?p=541"},"modified":"2024-09-16T14:13:57","modified_gmt":"2024-09-16T20:13:57","slug":"empowering-a-new-generation-empoderando-a-una-nueva-generacion","status":"publish","type":"post","link":"https:\/\/blogs.elca.org\/elcaracialjustice\/empowering-a-new-generation-empoderando-a-una-nueva-generacion\/","title":{"rendered":"Empowering a New Generation | Empoderando a una Nueva Generaci\u00f3n"},"content":{"rendered":"<p><em>In celebration of National Hispanic Heritage Month which is celebrated in the United States September 15- October 15, we share the following article which is cross-posted from Living Lutheran. The original post can be found <a href=\"https:\/\/www.livinglutheran.org\/2024\/09\/september1624\/\">here<\/a>.<\/em><\/p>\n<p><img decoding=\"async\" src=\"https:\/\/livinglutheran.blob.core.windows.net\/cdn\/wp-content\/uploads\/2024\/09\/attendees-1-960x720.jpg\" \/><\/p>\n<h1 class=\"title\"><span style=\"color: #808000\">Empowering a New Generation | Empoderando a una Nueva Generaci\u00f3n<\/span><\/h1>\n<h2 class=\"subtitle\"><span style=\"color: #808000\">The Latin\u00e9 Leadership Summit | La Cumbre de Liderazgo Latin\u00e9<\/span><\/h2>\n<p>This past month, just in time to kick off National Hispanic Heritage Month with a celebration, the ELCA\u2019s Lutheran Center in Chicago transformed into a dynamic hub of growth, learning and community. Young L3s (Latin\u00e9 Lutheran Leaders) came together for the Latin\u00e9 Leadership Summit: A Time of Empowerment and Connection. Supported by the\u00a0<a href=\"https:\/\/www.elca.org\/Our-Work\/Congregations-and-Synods\/Ministries-of-Diverse-Cultures-and-Communities\">Ministries of Diverse Cultures and Communities of the ELCA<\/a>\u00a0and sponsored by\u00a0<a href=\"https:\/\/www.elca.org\/hunger\">ELCA World Hunger<\/a>, this event \u2014 organized by the Latino desk of the ELCA \u2014 was a groundbreaking experience designed to equip Latin\u00e9 young adults with the tools, knowledge and support they need to lead effectively within one of the largest (<a href=\"https:\/\/www.livinglutheran.org\/2021\/12\/the-church-and-authentic-diversity\/#:~:text=We%20continue%20to%20be%20a%20predominantly%20white%20denomination%E2%80%94the%20whitest%20denomination%20in%20the%20United%20States%2C%20according%20to%20the%20Pew%20Research%20Center.\">and less demographically diverse<\/a>) Protestant denominations in the United States.<\/p>\n<p>As I watched these passionate young adults come together, I was overwhelmed with a deep sense of awe and gratitude.\u00a0<strong>I was moved by the realization that they are not just our future, they are the heartbeat of our church right now<\/strong>. Their energy, their commitment and their willingness to step up and lead \u2014 it all took my breath away. It was truly a privilege to stand alongside them in this sacred space, to offer them something tangible and meaningful, beyond just words and prayers, for their journey in ministry. As a coordinator for this incredible project, I felt a powerful blend of hope and responsibility. I saw in these young leaders a fierce determination and a readiness to tackle whatever comes their way. And I have no doubt that with their passion and resilience,\u00a0<strong>they will lead us toward a church that is more inclusive, more compassionate and more vibrant than ever before<\/strong>.<\/p>\n<p><strong>A sacred purpose for sacred work<\/strong><\/p>\n<p>The primary goal of the summit was clear: to provide young Latin\u00e9 Lutherans with the insights and tools to navigate their leadership journey within the ELCA. By learning from the experiences (and mistakes) of seasoned leaders, these young adults are better positioned to lead with confidence and clarity, avoiding the pitfalls that others have encountered. It was a powerful reminder that the path to leadership is rarely straightforward \u2014 it\u2019s often a \u201cbumpy ride,\u201d filled with challenges and opportunities for growth.<\/p>\n<p>The summit began on a high note, with a worship service that featured a welcome message from Presiding Bishop Elizabeth Eaton. In her address\u00a0<strong>Eaton celebrated the enthusiasm and commitment of the young attendees, emphasizing how their passion for the faith and dedication to the gospel of Jesus Christ is inspiring to the entire church<\/strong>. Her words set a tone of encouragement and affirmation, reminding participants of their vital role in the ELCA\u2019s future.<\/p>\n<p><strong>Deep engagement with experienced leaders<\/strong><\/p>\n<p>The summit was a full event of engagement and learning, beginning with opening remarks from the Hector Carrasquillo, who leads the Latino desk at the ELCA, along with Latin\u00e9 leaders in our church community such as Nancy Lim\u00f3n, \u00a0former officer of the Latino Ministries Association, who played a crucial role in curating the summit\u2019s experience. Eaton addressed the participants a second time, reinforcing her earlier message of support and empowerment.<\/p>\n<p>The experience continued with a keynote address, moderated by Carrasquillo and featuring influential church leaders such as Idalia Negr\u00f3n, former bishop of the Caribbean Synod, ELCA Vice President Imran Siddiqui and Rafael Malpica, former executive director of Service and Justice. Notably, Siddiqui remained for the entire summit, actively listening to the young leaders\u2019 questions and concerns.<strong>\u00a0His presence and engagement were a testament for these young leaders, to the ELCA\u2019s commitment to hearing and addressing the challenges faced by them in navigating the church.<\/strong><\/p>\n<p>One of the highlights of the summit was the panel \u00a0\u201cLeadership Tools and Skills.\u201d The panel featured contributions from lay leaders Jennifer DeLeon and Christopher Vergara, both deeply involved in justice work within the church, as well as ordained leaders such as Javier Goitia, Mar\u00eda Rojas and Irma Ba\u00f1ales. The panelists shared their insights on inclusive and diverse leadership, offering valuable strategies and personal stories that serve as models for emerging leaders.<\/p>\n<p>Additionally, throughout the event, participants engaged in forums, workshops and panel discussions on a wide range of topics, from \u201cRobert\u2019s Rules and Parliamentary Procedures\u201d to \u201cNon-Traditional Evangelism Strategies\u201d and \u201cLutheran Theology within the ELCA Philosophy and Structure.\u201d These sessions were led by prominent leaders in our Lutheran community, such as Carmelo Santos and Gabriel Marcano, among others.<\/p>\n<p><strong>\u201cA Radically<\/strong>\u00a0<strong>Welcoming Church\u201d: Celebrating diversity and language<\/strong><\/p>\n<p>One of the most transformative sessions of the summit, \u201cA Radically Welcoming Church,\u201d was led by Christopher Vergara, vice president of the Metropolitan New York Synod, and Jennifer DeLeon, director of racial justice for the ELCA. This session ignited profound and heartfelt discussions about the urgent need to dismantle internalized racism and queerphobia within both the Latin\u00e9 and the broader Lutheran communities. The dialogue was not just an intellectual exercise but a deeply personal exploration that touched on the lived experiences of many participants, revealing the complexities and challenges of navigating multiple identities within the church.<\/p>\n<p>A key theme that emerged was the critical importance of embracing the rich diversity within Latin\u00e9 communities. Participants bravely shared their stories, exploring the nuances of identity, including the role of language as both a cultural bridge and a potential barrier. It became clear that\u00a0<strong>being a part of the Latin\u00e9 community does not necessarily mean speaking Spanish, yet for many, Spanish remains a deeply significant cultural element that connects them to their heritage and history<\/strong>.<\/p>\n<p>This conversation also highlighted the need for a more nuanced understanding of identity within the church. As we engaged in this dialogue, there was a collective acknowledgment that\u00a0<strong>our journey toward unity is not about erasing differences but about celebrating them.\u00a0<\/strong>We realized that to build a church that truly reflects the body of Christ, we must first create a space where every person feels seen, heard and valued. This session was a powerful reminder that our diversity \u2014 and the vision for a more diverse Lutheran church in the United States \u2014 is not a challenge to be managed but a gift to be cherished, a source of strength that can propel us forward as\u00a0<strong>a unified community committed to justice, love and radical welcomeness<\/strong>.<\/p>\n<p><strong>Looking ahead: A vision for the future<\/strong><\/p>\n<p>The final day of the summit featured a plenary session with ELCA partners and leaders, providing a comprehensive overview of the church\u2019s various departments, programs and ministries. Presentations included insights from Khader El-Yateem and Tammy Jackson, ELCA Service and Justice; Philip Hirsch, ELCA Christian Community and Leadership; Roselle Tenorio, ELCA World Hunger; Kayla Zopfi, ELCA Young Adult Ministry; and myself as representative of the Commission for a Renewed Lutheran Church (the only Latin\u00e9 member of the CRLC). Carrasquillo and Jaime Dubon, ELCA director for Latin America and the Caribbean, along with Einstein Gonzalez-Leon \u2014 representative from the Latino Ministries Association of the ELCA \u2014 also shared their messages and ministries.<\/p>\n<p>The closing worship was a profoundly moving experience, one that felt like both an ending and a powerful new beginning. It wasn\u2019t just the conclusion of the summit but the spark of a renewed commitment to leadership within the church. As participants embraced each other and prepared to return to their synods, congregations and communities, the air was filled with a palpable sense of hope and determination. There was a deep, shared belief that this summit was not merely a single event but the first step in a journey \u2014 an ongoing movement to amplify the voices of young Latin\u00e9 leaders, equipping them with the courage, wisdom and tools needed to shape the future of the church and make their voices heard.\u00a0<strong>This was a moment of transformation, a sacred promise that our work together is just beginning.<\/strong><\/p>\n<p>As we reflect on this impactful event, it is clear that the Latin\u00e9 Leadership Summit has set a strong foundation for the future. By empowering young leaders and fostering an environment of learning, support and growth, the ELCA is paving the way for a more inclusive and vibrant church community.\u00a0<strong>Like Martin Luther\u2019s call for reformation and renewal within the church, this summit serves as a reminder that our faith journey is one of constant transformation and revolution.<\/strong><\/p>\n<p><strong>The path may indeed be challenging, but with courage, faith and determination, these young Latin\u00e9 leaders are ready to lead the way, embodying the spirit of reformation and renewal that has always been central to our Lutheran heritage.<\/strong><\/p>\n<p>___<\/p>\n<p>El mes pasado, justo a tiempo para comenzar el Mes de la Herencia Latina con una celebraci\u00f3n, el Centro Luterano de la ELCA en Chicago se transform\u00f3 en un din\u00e1mico centro de crecimiento, aprendizaje y comunidad. J\u00f3venes l\u00edderes L3 (L\u00edderes Luteranos Latin\u00e9) se reunieron para la\u00a0<strong>Cumbre de Liderazgo Latin\u00e9: Un Tiempo de Empoderamiento y Conexi\u00f3n<\/strong>. Apoyado por los\u00a0<a href=\"https:\/\/www.elca.org\/Our-Work\/Congregations-and-Synods\/Ministries-of-Diverse-Cultures-and-Communities\">Ministerios de Culturas y Comunidades Diversas de la ELCA<\/a>\u00a0y patrocinado por el\u00a0<a href=\"https:\/\/www.elca.org\/hunger\">Programa Mundial contra el Hambre de la ELCA<\/a>, este evento \u2014organizado por el Escritorio Latino de la ELCA\u2014 fue una experiencia innovadora dise\u00f1ada para equipar a los j\u00f3venes adultos latin\u00e9s con las herramientas, el conocimiento y el apoyo que necesitan para liderar de manera efectiva dentro de una de las denominaciones protestantes m\u00e1s grandes (<a href=\"https:\/\/www.livinglutheran.org\/2021\/12\/the-church-and-authentic-diversity\/#:~:text=We%20continue%20to%20be%20a%20predominantly%20white%20denomination%E2%80%94the%20whitest%20denomination%20in%20the%20United%20States%2C%20according%20to%20the%20Pew%20Research%20Center.\">y menos diversas demogr\u00e1ficamente<\/a>) de los Estados Unidos.<\/p>\n<p>Mientras observaba a estos j\u00f3venes adultos apasionados reunirse, me invadi\u00f3 un profundo sentimiento de asombro y gratitud.<strong>\u00a0Me conmovi\u00f3 darme cuenta de que no son solo nuestro futuro; ellos son el coraz\u00f3n de nuestra iglesia en este momento.\u00a0<\/strong>Su energ\u00eda, su compromiso y su disposici\u00f3n para asumir roles de liderazgo me dejaron sin aliento. Fue verdaderamente un privilegio estar junto a ellos en este espacio sagrado, ofrecerles algo tangible y significativo, m\u00e1s all\u00e1 de solo palabras y oraciones, para su camino en el ministerio. Como coordinador de este incre\u00edble proyecto, sent\u00ed una poderosa mezcla de esperanza y responsabilidad. Vi en estos j\u00f3venes l\u00edderes una determinaci\u00f3n feroz y una disposici\u00f3n para enfrentar cualquier desaf\u00edo que se presente.\u00a0<strong>Y no tengo dudas de que, con su pasi\u00f3n y resiliencia, nos guiar\u00e1n hacia una iglesia m\u00e1s inclusiva, compasiva y vibrante que nunca.<\/strong><\/p>\n<p><strong>Un prop\u00f3sito sagrado para una obra sagrada<\/strong><\/p>\n<p>El objetivo principal de la cumbre fue claro: proporcionar a los j\u00f3venes luteranos latines las ideas y herramientas necesarias para navegar su camino de liderazgo dentro de la ELCA. Al aprender de las experiencias (y errores) de l\u00edderes experimentados, estos j\u00f3venes adultos est\u00e1n mejor posicionados para liderar con confianza y claridad, evitando las trampas que otros han encontrado. Fue un poderoso recordatorio de que el camino hacia el liderazgo rara vez es sencillo; a menudo es un \u201cviaje accidentado\u201d lleno de desaf\u00edos y oportunidades para crecer.<\/p>\n<p>La cumbre comenz\u00f3 con una nota alta gracias a un servicio de adoraci\u00f3n que incluy\u00f3 un mensaje de bienvenida de la Obispa Presidenta Elizabeth Eaton. En su discurso\u00a0<strong>Eaton celebr\u00f3 el entusiasmo y el compromiso de los j\u00f3venes asistentes, enfatizando c\u00f3mo su pasi\u00f3n por la fe y dedicaci\u00f3n al evangelio de Jesucristo es una inspiraci\u00f3n para toda la iglesia.\u00a0<\/strong>Sus palabras establecieron un tono de \u00e1nimo y afirmaci\u00f3n, recordando a los participantes su papel vital en el futuro de la ELCA.<\/p>\n<p><strong>Compromiso profundo con l\u00edderes experimentados<\/strong><\/p>\n<p>La cumbre fue un evento lleno de compromiso y aprendizaje, comenzando con las palabras de apertura del Rev. Dr. H\u00e9ctor Carrasquillo, quien lidera el Escritorio Latino en la ELCA, junto con l\u00edderes latin\u00e9s en nuestra comunidad eclesial como Nancy Lim\u00f3n, ex funcionaria de la Asociaci\u00f3n de Ministerios Latinos, quien desempe\u00f1\u00f3 un papel crucial en la organizaci\u00f3n de la experiencia de la cumbre. La Obispa Eaton se dirigi\u00f3 a los participantes por segunda vez, reforzando su mensaje anterior de apoyo y empoderamiento.<\/p>\n<p>La experiencia continu\u00f3 con una ponencia moderada por el Pastor Carrasquillo, con l\u00edderes influyentes de la iglesia como la Obispa Idalia Negr\u00f3n, el Vicepresidente de la ELCA Imran Siddiqui y el Rev. Dr. Rafael Malpica. Cabe destacar que el Vicepresidente Siddiqui permaneci\u00f3 durante toda la cumbre, escuchando activamente las preguntas y preocupaciones de los j\u00f3venes l\u00edderes. Su presencia y compromiso\u00a0<strong>fueron un testimonio para estos j\u00f3venes l\u00edderes del compromiso de la ELCA, de escuchar y abordar los desaf\u00edos que enfrentan al navegar por la iglesia.<\/strong><\/p>\n<p>Uno de los momentos destacados de la cumbre fue el panel \u00a0\u201cHerramientas y Habilidades de Liderazgo\u201d. El panel cont\u00f3 con las contribuciones de l\u00edderes laicos como Jennifer DeLeon y Christopher Vergara, ambos profundamente involucrados en el trabajo de justicia dentro de la iglesia, as\u00ed como de l\u00edderes ordenados como el Rev. Dr. Javier Goitia, la Rev. Mar\u00eda Rojas y la Rev. Irma Ba\u00f1ales. Los panelistas compartieron sus ideas sobre el liderazgo inclusivo y diverso, ofreciendo estrategias valiosas e historias personales que sirvan como modelos para los l\u00edderes emergentes.<\/p>\n<p>Adem\u00e1s, durante todo el evento, los participantes participaron en foros, talleres y paneles de discusi\u00f3n que abarcaron una amplia gama de temas, desde \u201cReglas de Orden de Robert y Procedimientos Parlamentarios\u201d hasta \u201cEstrategias de Evangelizaci\u00f3n No Tradicionales\u201d y \u201cTeolog\u00eda Luterana dentro de la Filosof\u00eda y Estructura de la ELCA\u201d. Estas sesiones fueron dirigidas por l\u00edderes prominentes de nuestra comunidad luterana, como el Rev. Dr. Carmelo Santos y el Rev. Gabriel Marcano, entre otros.<\/p>\n<p><strong>\u201cUna Iglesia Radicalmente Acogedora\u201d: Celebrando nuestra diversidad y lenguaje<\/strong><\/p>\n<p>Una de las sesiones m\u00e1s transformadoras de la cumbre, \u201cUna Iglesia Radicalmente Acogedora\u201d, fue dirigida por Christopher Vergara, Vicepresidente del ELCA S\u00ednodo Metropolitano de Nueva York, y Jennifer DeLeon, directora de justicia racial para la ELCA. Esta sesi\u00f3n encendi\u00f3 discusiones profundas y conmovedoras sobre la urgente necesidad de desmantelar el racismo internalizado y la homofobia tanto en las comunidades Latin\u00e9 como en las comunidades luteranas en general. El di\u00e1logo no fue solo un ejercicio intelectual, sino una exploraci\u00f3n profundamente personal que toc\u00f3 las experiencias vividas de muchos participantes, revelando las complejidades y desaf\u00edos de navegar m\u00faltiples identidades dentro de la iglesia.<\/p>\n<p>Un tema clave que emergi\u00f3 fue la importancia cr\u00edtica de abrazar la rica diversidad dentro de las comunidades Latin\u00e9. Los participantes compartieron valientemente sus historias, explorando los matices de la identidad, incluido el papel del lenguaje como un puente cultural y un posible obst\u00e1culo. Qued\u00f3 claro que\u00a0<strong>ser parte de la comunidad Latin\u00e9 no significa necesariamente hablar espa\u00f1ol, y sin embargo, para muchos, el espa\u00f1ol sigue siendo un elemento cultural profundamente significativo que los conecta con su herencia e historia.<\/strong><\/p>\n<p>Esta conversaci\u00f3n tambi\u00e9n destac\u00f3 la necesidad de una comprensi\u00f3n m\u00e1s matizada de la identidad dentro de la iglesia. Al participar en este di\u00e1logo, hubo un reconocimiento colectivo de que\u00a0<strong>nuestro camino hacia la unidad no se trata de borrar diferencias, sino de celebrarlas<\/strong>. Nos dimos cuenta de que para construir una iglesia que refleje verdaderamente el cuerpo de Cristo, primero debemos crear un espacio donde cada persona se sienta vista, escuchada y valorada. Esta sesi\u00f3n fue un poderoso recordatorio de que nuestra diversidad \u2014y la visi\u00f3n de una iglesia luterana m\u00e1s diversa en los Estados Unidos\u2014 no es un desaf\u00edo a gestionar, sino un don a apreciar, una fuente de fortaleza que puede impulsarnos hacia adelante como\u00a0<strong>una comunidad unida comprometida con la justicia, el amor y la acogida radical.<\/strong><\/p>\n<p><strong>Mirando hacia adelante: Una Vvisi\u00f3n para el futuro<\/strong><\/p>\n<p>El \u00faltimo d\u00eda de la cumbre se present\u00f3 una sesi\u00f3n plenaria con socios y l\u00edderes de la ELCA, que brindaron una visi\u00f3n general completa de los diversos departamentos, programas y ministerios de la iglesia. Las presentaciones incluyeron ideas del Rev. Khader El-Yateem y Tammy Jackson del Servicio y Justicia de la ELCA; el Rev. Philip Hirsch del Liderazgo y Comunidad Cristiana de la ELCA; Roselle Tenorio del Programa Mundial contra el Hambre de la ELCA; Kayla Zopfi del Ministerio de J\u00f3venes Adultos de la ELCA; y yo mismo como representante de la Comisi\u00f3n para la Renovaci\u00f3n de la Iglesia Luterana (el \u00fanico miembro Latin\u00e9 de la CRLC). Carrasquillo y el Rev. Jaime Dubon, junto con el Di\u00e1cono Einstein Gonzalez-Leon \u2014representante de la Asociaci\u00f3n de Ministerios Latinos de la ELCA\u2014 tambi\u00e9n compartieron sus mensajes y ministerios.<\/p>\n<p>El culto de clausura fue una experiencia profundamente conmovedora, que se sinti\u00f3 tanto como un final, as\u00ed como un poderoso nuevo comienzo. No fue solo la conclusi\u00f3n de la cumbre, sino el comienzo de un compromiso renovado con el liderazgo dentro de la iglesia. Mientras los participantes se abrazaban y se preparaban para regresar a sus congregaciones, s\u00ednodos y comunidades, el ambiente estaba lleno de un palpable sentido de esperanza y determinaci\u00f3n. Hab\u00eda una profunda creencia compartida de que esta cumbre no fue simplemente un evento \u00fanico, sino el primer paso en un viaje: un movimiento continuo para amplificar las voces de los j\u00f3venes l\u00edderes latin\u00e9s, equip\u00e1ndolos con el coraje, la sabidur\u00eda y las herramientas necesarias para dar forma al futuro de la iglesia y hacer que sus voces sean escuchadas.\u00a0<strong>Este fue un momento de transformaci\u00f3n, una promesa sagrada de que nuestro trabajo juntos apenas comienza.<\/strong><\/p>\n<p>Al reflexionar sobre este evento impactante, es evidente que la Cumbre de Liderazgo Latin\u00e9 ha establecido una base s\u00f3lida para el futuro. Al empoderar a los j\u00f3venes l\u00edderes y fomentar un entorno de aprendizaje, apoyo y crecimiento, la ELCA est\u00e1 allanando el camino hacia una comunidad eclesial m\u00e1s inclusiva y vibrante.\u00a0<strong>Al igual que el llamado de Martin Lutero a la reforma y la renovaci\u00f3n dentro de la iglesia, esta cumbre sirve como un recordatorio de que nuestro viaje de fe es uno de transformaci\u00f3n constante y revoluci\u00f3n.<\/strong><\/p>\n<p><strong>El camino puede ser desafiante, pero con valor, fe y determinaci\u00f3n, estos j\u00f3venes latin\u00e9s est\u00e1n listos para liderar el camino, encarnando el esp\u00edritu de reforma y renovaci\u00f3n que siempre ha sido fundamental en nuestra herencia luterana.<\/strong><\/p>\n<p>&nbsp;<\/p>\n<p>&nbsp;<\/p>\n<p><img decoding=\"async\" class=\"alignleft\" src=\"https:\/\/livinglutheran.blob.core.windows.net\/cdn\/wp-content\/uploads\/2020\/09\/rlara-100x122.jpg\" alt=\"Roberto Lara\" \/><\/p>\n<p><strong><a id=\"text_authorlink_bio_roberto-lara\" href=\"https:\/\/www.livinglutheran.org\/author\/roberto-lara\/\">Roberto Lara Aranda<\/a><\/strong>\u00a0is director of communications at the <a href=\"https:\/\/fetzer.org\/\">Fetzer Institute<\/a>, a global philanthropic organization committed to building a spiritual foundation for a loving world. He also serves as a faculty member in the Strategic Communications graduate program at\u00a0<a href=\"https:\/\/sps.columbia.edu\/academics\/masters\/strategic-communication\">Columbia University<\/a>\u00a0in New York City. In addition Roberto is executive director of\u00a0<a href=\"https:\/\/www.selectlearning.org\/\">Select Learning<\/a>, a faith-based organization that provides theological learning resources for personal, congregational and professional development. He is a member of the\u00a0<a href=\"https:\/\/foundation.elca.org\/\">ELCA Foundation<\/a>\u00a0board of trustees and the ELCA\u00a0<a href=\"https:\/\/www.elca.org\/crlc\">Commission for a Renewed Lutheran Church<\/a>. Previously he was assistant to the bishop for communications and development of the ELCA\u00a0<a href=\"http:\/\/www.mnys.org\/\">Metropolitan New York Synod<\/a>\u00a0and served as president of the\u00a0<a href=\"https:\/\/www.ministerioslatinoselca.org\/\">Latino Ministries Association of the ELCA<\/a>.<\/p>\n<p><strong>Roberto Lara Aranda<\/strong>\u00a0es director de comunicaciones en el\u00a0<a href=\"https:\/\/fetzer.org\/\">Instituto Fetzer<\/a>, una organizaci\u00f3n filantr\u00f3pica global comprometida con construir una base espiritual para un mundo amoroso. Tambi\u00e9n sirve como miembro docente\u00a0 del programa de posgrado en Comunicaciones Estrat\u00e9gicas en la\u00a0<a href=\"https:\/\/sps.columbia.edu\/academics\/masters\/strategic-communication\">Universidad de Columbia<\/a>\u00a0en la Ciudad de Nueva York. Adem\u00e1s Roberto es director ejecutivo de\u00a0<a href=\"https:\/\/www.selectlearning.org\/\">Select Learning<\/a>, una organizaci\u00f3n de fe que ofrece recursos de aprendizaje teol\u00f3gico para el desarrollo personal, congregacional y profesional. Es miembro del consejo directivo de la\u00a0<a href=\"https:\/\/foundation.elca.org\/\">Fundaci\u00f3n ELCA<\/a>\u00a0y de la\u00a0<a href=\"https:\/\/www.elca.org\/crlc\">Comisi\u00f3n para una Iglesia Luterana Renovada<\/a>\u00a0de la ELCA. Anteriormente fue asistente del obispo para comunicaciones y desarrollo del ELCA\u00a0<a href=\"http:\/\/www.mnys.org\/\">S\u00ednodo Metropolitano de Nueva York<\/a>\u00a0y se desempe\u00f1\u00f3 como presidente de la\u00a0<a href=\"https:\/\/www.ministerioslatinoselca.org\/\">Asociaci\u00f3n de Ministerios Latinos de la ELCA<\/a>.<\/p>\n","protected":false},"excerpt":{"rendered":"<p>In celebration of National Hispanic Heritage Month which is celebrated in the United States September 15- October 15, we share the following article which is cross-posted from Living Lutheran. The original post can be found here. Empowering a New Generation | Empoderando a una Nueva Generaci\u00f3n The Latin\u00e9 Leadership Summit | La Cumbre de Liderazgo [&hellip;]<\/p>\n","protected":false},"author":299,"featured_media":542,"comment_status":"closed","ping_status":"closed","sticky":false,"template":"","format":"standard","meta":{"_acf_changed":false,"footnotes":""},"categories":[17052,17054],"tags":[17058,17055],"class_list":["post-541","post","type-post","status-publish","format-standard","has-post-thumbnail","hentry","category-crosspost","category-hispanic-heritage-month","tag-crosspost","tag-hispanicheritagemonth"],"acf":[],"yoast_head":"<!-- This site is optimized with the Yoast SEO plugin v28.3 - https:\/\/yoast.com\/product\/yoast-seo-wordpress\/ -->\n<title>Empowering a New Generation | Empoderando a una Nueva Generaci\u00f3n - ELCA Racial Justice<\/title>\n<meta name=\"robots\" content=\"index, follow, max-snippet:-1, max-image-preview:large, max-video-preview:-1\" \/>\n<link rel=\"canonical\" href=\"https:\/\/blogs.elca.org\/elcaracialjustice\/empowering-a-new-generation-empoderando-a-una-nueva-generacion\/\" \/>\n<meta property=\"og:locale\" content=\"en_US\" \/>\n<meta property=\"og:type\" content=\"article\" \/>\n<meta property=\"og:title\" content=\"Empowering a New Generation | Empoderando a una Nueva Generaci\u00f3n - ELCA Racial Justice\" \/>\n<meta property=\"og:description\" content=\"In celebration of National Hispanic Heritage Month which is celebrated in the United States September 15- October 15, we share the following article which is cross-posted from Living Lutheran. The original post can be found here. Empowering a New Generation | Empoderando a una Nueva Generaci\u00f3n The Latin\u00e9 Leadership Summit | La Cumbre de Liderazgo [&hellip;]\" \/>\n<meta property=\"og:url\" content=\"https:\/\/blogs.elca.org\/elcaracialjustice\/empowering-a-new-generation-empoderando-a-una-nueva-generacion\/\" \/>\n<meta property=\"og:site_name\" content=\"ELCA Racial Justice\" \/>\n<meta property=\"article:published_time\" content=\"2024-09-16T20:13:57+00:00\" \/>\n<meta property=\"og:image\" content=\"https:\/\/blogs.elca.org\/elcaracialjustice\/wp-content\/uploads\/sites\/59\/2024\/09\/attendees-1-960x720-1.jpg\" \/>\n\t<meta property=\"og:image:width\" content=\"960\" \/>\n\t<meta property=\"og:image:height\" content=\"720\" \/>\n\t<meta property=\"og:image:type\" content=\"image\/jpeg\" \/>\n<meta name=\"author\" content=\"christinamontgomery\" \/>\n<meta name=\"twitter:card\" content=\"summary_large_image\" \/>\n<meta name=\"twitter:label1\" content=\"Written by\" \/>\n\t<meta name=\"twitter:data1\" content=\"christinamontgomery\" \/>\n\t<meta name=\"twitter:label2\" content=\"Est. reading time\" \/>\n\t<meta name=\"twitter:data2\" content=\"15 minutes\" \/>\n<script type=\"application\/ld+json\" class=\"yoast-schema-graph\">{\"@context\":\"https:\\\/\\\/schema.org\",\"@graph\":[{\"@type\":\"Article\",\"@id\":\"https:\\\/\\\/blogs.elca.org\\\/elcaracialjustice\\\/empowering-a-new-generation-empoderando-a-una-nueva-generacion\\\/#article\",\"isPartOf\":{\"@id\":\"https:\\\/\\\/blogs.elca.org\\\/elcaracialjustice\\\/empowering-a-new-generation-empoderando-a-una-nueva-generacion\\\/\"},\"author\":{\"name\":\"christinamontgomery\",\"@id\":\"https:\\\/\\\/blogs.elca.org\\\/elcaracialjustice\\\/#\\\/schema\\\/person\\\/2c52384bc1c822927c67cbc3b99d5c8c\"},\"headline\":\"Empowering a New Generation | Empoderando a una Nueva Generaci\u00f3n\",\"datePublished\":\"2024-09-16T20:13:57+00:00\",\"mainEntityOfPage\":{\"@id\":\"https:\\\/\\\/blogs.elca.org\\\/elcaracialjustice\\\/empowering-a-new-generation-empoderando-a-una-nueva-generacion\\\/\"},\"wordCount\":3351,\"image\":{\"@id\":\"https:\\\/\\\/blogs.elca.org\\\/elcaracialjustice\\\/empowering-a-new-generation-empoderando-a-una-nueva-generacion\\\/#primaryimage\"},\"thumbnailUrl\":\"https:\\\/\\\/blogs.elca.org\\\/elcaracialjustice\\\/wp-content\\\/uploads\\\/sites\\\/59\\\/2024\\\/09\\\/attendees-1-960x720-1.jpg\",\"keywords\":[\"CrossPost\",\"HispanicHeritageMonth\"],\"articleSection\":[\"CrossPost\",\"Hispanic Heritage Month\"],\"inLanguage\":\"en-US\"},{\"@type\":\"WebPage\",\"@id\":\"https:\\\/\\\/blogs.elca.org\\\/elcaracialjustice\\\/empowering-a-new-generation-empoderando-a-una-nueva-generacion\\\/\",\"url\":\"https:\\\/\\\/blogs.elca.org\\\/elcaracialjustice\\\/empowering-a-new-generation-empoderando-a-una-nueva-generacion\\\/\",\"name\":\"Empowering a New Generation | Empoderando a una Nueva Generaci\u00f3n - ELCA Racial Justice\",\"isPartOf\":{\"@id\":\"https:\\\/\\\/blogs.elca.org\\\/elcaracialjustice\\\/#website\"},\"primaryImageOfPage\":{\"@id\":\"https:\\\/\\\/blogs.elca.org\\\/elcaracialjustice\\\/empowering-a-new-generation-empoderando-a-una-nueva-generacion\\\/#primaryimage\"},\"image\":{\"@id\":\"https:\\\/\\\/blogs.elca.org\\\/elcaracialjustice\\\/empowering-a-new-generation-empoderando-a-una-nueva-generacion\\\/#primaryimage\"},\"thumbnailUrl\":\"https:\\\/\\\/blogs.elca.org\\\/elcaracialjustice\\\/wp-content\\\/uploads\\\/sites\\\/59\\\/2024\\\/09\\\/attendees-1-960x720-1.jpg\",\"datePublished\":\"2024-09-16T20:13:57+00:00\",\"author\":{\"@id\":\"https:\\\/\\\/blogs.elca.org\\\/elcaracialjustice\\\/#\\\/schema\\\/person\\\/2c52384bc1c822927c67cbc3b99d5c8c\"},\"breadcrumb\":{\"@id\":\"https:\\\/\\\/blogs.elca.org\\\/elcaracialjustice\\\/empowering-a-new-generation-empoderando-a-una-nueva-generacion\\\/#breadcrumb\"},\"inLanguage\":\"en-US\",\"potentialAction\":[{\"@type\":\"ReadAction\",\"target\":[\"https:\\\/\\\/blogs.elca.org\\\/elcaracialjustice\\\/empowering-a-new-generation-empoderando-a-una-nueva-generacion\\\/\"]}]},{\"@type\":\"ImageObject\",\"inLanguage\":\"en-US\",\"@id\":\"https:\\\/\\\/blogs.elca.org\\\/elcaracialjustice\\\/empowering-a-new-generation-empoderando-a-una-nueva-generacion\\\/#primaryimage\",\"url\":\"https:\\\/\\\/blogs.elca.org\\\/elcaracialjustice\\\/wp-content\\\/uploads\\\/sites\\\/59\\\/2024\\\/09\\\/attendees-1-960x720-1.jpg\",\"contentUrl\":\"https:\\\/\\\/blogs.elca.org\\\/elcaracialjustice\\\/wp-content\\\/uploads\\\/sites\\\/59\\\/2024\\\/09\\\/attendees-1-960x720-1.jpg\",\"width\":960,\"height\":720},{\"@type\":\"BreadcrumbList\",\"@id\":\"https:\\\/\\\/blogs.elca.org\\\/elcaracialjustice\\\/empowering-a-new-generation-empoderando-a-una-nueva-generacion\\\/#breadcrumb\",\"itemListElement\":[{\"@type\":\"ListItem\",\"position\":1,\"name\":\"Home\",\"item\":\"https:\\\/\\\/blogs.elca.org\\\/elcaracialjustice\\\/\"},{\"@type\":\"ListItem\",\"position\":2,\"name\":\"Empowering a New Generation | Empoderando a una Nueva Generaci\u00f3n\"}]},{\"@type\":\"WebSite\",\"@id\":\"https:\\\/\\\/blogs.elca.org\\\/elcaracialjustice\\\/#website\",\"url\":\"https:\\\/\\\/blogs.elca.org\\\/elcaracialjustice\\\/\",\"name\":\"ELCA Racial Justice\",\"description\":\"\",\"potentialAction\":[{\"@type\":\"SearchAction\",\"target\":{\"@type\":\"EntryPoint\",\"urlTemplate\":\"https:\\\/\\\/blogs.elca.org\\\/elcaracialjustice\\\/?s={search_term_string}\"},\"query-input\":{\"@type\":\"PropertyValueSpecification\",\"valueRequired\":true,\"valueName\":\"search_term_string\"}}],\"inLanguage\":\"en-US\"},{\"@type\":\"Person\",\"@id\":\"https:\\\/\\\/blogs.elca.org\\\/elcaracialjustice\\\/#\\\/schema\\\/person\\\/2c52384bc1c822927c67cbc3b99d5c8c\",\"name\":\"christinamontgomery\",\"image\":{\"@type\":\"ImageObject\",\"inLanguage\":\"en-US\",\"@id\":\"https:\\\/\\\/secure.gravatar.com\\\/avatar\\\/0d9fa064d27e20dd8710cc1b520c3be5f1b1c5889d76ca181e331e749cdb389c?s=96&d=mm&r=g\",\"url\":\"https:\\\/\\\/secure.gravatar.com\\\/avatar\\\/0d9fa064d27e20dd8710cc1b520c3be5f1b1c5889d76ca181e331e749cdb389c?s=96&d=mm&r=g\",\"contentUrl\":\"https:\\\/\\\/secure.gravatar.com\\\/avatar\\\/0d9fa064d27e20dd8710cc1b520c3be5f1b1c5889d76ca181e331e749cdb389c?s=96&d=mm&r=g\",\"caption\":\"christinamontgomery\"},\"url\":\"https:\\\/\\\/blogs.elca.org\\\/elcaracialjustice\\\/author\\\/christinamontgomery\\\/\"}]}<\/script>\n<!-- \/ Yoast SEO plugin. -->","yoast_head_json":{"title":"Empowering a New Generation | Empoderando a una Nueva Generaci\u00f3n - ELCA Racial Justice","robots":{"index":"index","follow":"follow","max-snippet":"max-snippet:-1","max-image-preview":"max-image-preview:large","max-video-preview":"max-video-preview:-1"},"canonical":"https:\/\/blogs.elca.org\/elcaracialjustice\/empowering-a-new-generation-empoderando-a-una-nueva-generacion\/","og_locale":"en_US","og_type":"article","og_title":"Empowering a New Generation | Empoderando a una Nueva Generaci\u00f3n - ELCA Racial Justice","og_description":"In celebration of National Hispanic Heritage Month which is celebrated in the United States September 15- October 15, we share the following article which is cross-posted from Living Lutheran. The original post can be found here. Empowering a New Generation | Empoderando a una Nueva Generaci\u00f3n The Latin\u00e9 Leadership Summit | La Cumbre de Liderazgo [&hellip;]","og_url":"https:\/\/blogs.elca.org\/elcaracialjustice\/empowering-a-new-generation-empoderando-a-una-nueva-generacion\/","og_site_name":"ELCA Racial Justice","article_published_time":"2024-09-16T20:13:57+00:00","og_image":[{"width":960,"height":720,"url":"https:\/\/blogs.elca.org\/elcaracialjustice\/wp-content\/uploads\/sites\/59\/2024\/09\/attendees-1-960x720-1.jpg","type":"image\/jpeg"}],"author":"christinamontgomery","twitter_card":"summary_large_image","twitter_misc":{"Written by":"christinamontgomery","Est. reading time":"15 minutes"},"schema":{"@context":"https:\/\/schema.org","@graph":[{"@type":"Article","@id":"https:\/\/blogs.elca.org\/elcaracialjustice\/empowering-a-new-generation-empoderando-a-una-nueva-generacion\/#article","isPartOf":{"@id":"https:\/\/blogs.elca.org\/elcaracialjustice\/empowering-a-new-generation-empoderando-a-una-nueva-generacion\/"},"author":{"name":"christinamontgomery","@id":"https:\/\/blogs.elca.org\/elcaracialjustice\/#\/schema\/person\/2c52384bc1c822927c67cbc3b99d5c8c"},"headline":"Empowering a New Generation | Empoderando a una Nueva Generaci\u00f3n","datePublished":"2024-09-16T20:13:57+00:00","mainEntityOfPage":{"@id":"https:\/\/blogs.elca.org\/elcaracialjustice\/empowering-a-new-generation-empoderando-a-una-nueva-generacion\/"},"wordCount":3351,"image":{"@id":"https:\/\/blogs.elca.org\/elcaracialjustice\/empowering-a-new-generation-empoderando-a-una-nueva-generacion\/#primaryimage"},"thumbnailUrl":"https:\/\/blogs.elca.org\/elcaracialjustice\/wp-content\/uploads\/sites\/59\/2024\/09\/attendees-1-960x720-1.jpg","keywords":["CrossPost","HispanicHeritageMonth"],"articleSection":["CrossPost","Hispanic Heritage Month"],"inLanguage":"en-US"},{"@type":"WebPage","@id":"https:\/\/blogs.elca.org\/elcaracialjustice\/empowering-a-new-generation-empoderando-a-una-nueva-generacion\/","url":"https:\/\/blogs.elca.org\/elcaracialjustice\/empowering-a-new-generation-empoderando-a-una-nueva-generacion\/","name":"Empowering a New Generation | Empoderando a una Nueva Generaci\u00f3n - ELCA Racial Justice","isPartOf":{"@id":"https:\/\/blogs.elca.org\/elcaracialjustice\/#website"},"primaryImageOfPage":{"@id":"https:\/\/blogs.elca.org\/elcaracialjustice\/empowering-a-new-generation-empoderando-a-una-nueva-generacion\/#primaryimage"},"image":{"@id":"https:\/\/blogs.elca.org\/elcaracialjustice\/empowering-a-new-generation-empoderando-a-una-nueva-generacion\/#primaryimage"},"thumbnailUrl":"https:\/\/blogs.elca.org\/elcaracialjustice\/wp-content\/uploads\/sites\/59\/2024\/09\/attendees-1-960x720-1.jpg","datePublished":"2024-09-16T20:13:57+00:00","author":{"@id":"https:\/\/blogs.elca.org\/elcaracialjustice\/#\/schema\/person\/2c52384bc1c822927c67cbc3b99d5c8c"},"breadcrumb":{"@id":"https:\/\/blogs.elca.org\/elcaracialjustice\/empowering-a-new-generation-empoderando-a-una-nueva-generacion\/#breadcrumb"},"inLanguage":"en-US","potentialAction":[{"@type":"ReadAction","target":["https:\/\/blogs.elca.org\/elcaracialjustice\/empowering-a-new-generation-empoderando-a-una-nueva-generacion\/"]}]},{"@type":"ImageObject","inLanguage":"en-US","@id":"https:\/\/blogs.elca.org\/elcaracialjustice\/empowering-a-new-generation-empoderando-a-una-nueva-generacion\/#primaryimage","url":"https:\/\/blogs.elca.org\/elcaracialjustice\/wp-content\/uploads\/sites\/59\/2024\/09\/attendees-1-960x720-1.jpg","contentUrl":"https:\/\/blogs.elca.org\/elcaracialjustice\/wp-content\/uploads\/sites\/59\/2024\/09\/attendees-1-960x720-1.jpg","width":960,"height":720},{"@type":"BreadcrumbList","@id":"https:\/\/blogs.elca.org\/elcaracialjustice\/empowering-a-new-generation-empoderando-a-una-nueva-generacion\/#breadcrumb","itemListElement":[{"@type":"ListItem","position":1,"name":"Home","item":"https:\/\/blogs.elca.org\/elcaracialjustice\/"},{"@type":"ListItem","position":2,"name":"Empowering a New Generation | Empoderando a una Nueva Generaci\u00f3n"}]},{"@type":"WebSite","@id":"https:\/\/blogs.elca.org\/elcaracialjustice\/#website","url":"https:\/\/blogs.elca.org\/elcaracialjustice\/","name":"ELCA Racial Justice","description":"","potentialAction":[{"@type":"SearchAction","target":{"@type":"EntryPoint","urlTemplate":"https:\/\/blogs.elca.org\/elcaracialjustice\/?s={search_term_string}"},"query-input":{"@type":"PropertyValueSpecification","valueRequired":true,"valueName":"search_term_string"}}],"inLanguage":"en-US"},{"@type":"Person","@id":"https:\/\/blogs.elca.org\/elcaracialjustice\/#\/schema\/person\/2c52384bc1c822927c67cbc3b99d5c8c","name":"christinamontgomery","image":{"@type":"ImageObject","inLanguage":"en-US","@id":"https:\/\/secure.gravatar.com\/avatar\/0d9fa064d27e20dd8710cc1b520c3be5f1b1c5889d76ca181e331e749cdb389c?s=96&d=mm&r=g","url":"https:\/\/secure.gravatar.com\/avatar\/0d9fa064d27e20dd8710cc1b520c3be5f1b1c5889d76ca181e331e749cdb389c?s=96&d=mm&r=g","contentUrl":"https:\/\/secure.gravatar.com\/avatar\/0d9fa064d27e20dd8710cc1b520c3be5f1b1c5889d76ca181e331e749cdb389c?s=96&d=mm&r=g","caption":"christinamontgomery"},"url":"https:\/\/blogs.elca.org\/elcaracialjustice\/author\/christinamontgomery\/"}]}},"_links":{"self":[{"href":"https:\/\/blogs.elca.org\/elcaracialjustice\/wp-json\/wp\/v2\/posts\/541","targetHints":{"allow":["GET"]}}],"collection":[{"href":"https:\/\/blogs.elca.org\/elcaracialjustice\/wp-json\/wp\/v2\/posts"}],"about":[{"href":"https:\/\/blogs.elca.org\/elcaracialjustice\/wp-json\/wp\/v2\/types\/post"}],"author":[{"embeddable":true,"href":"https:\/\/blogs.elca.org\/elcaracialjustice\/wp-json\/wp\/v2\/users\/299"}],"replies":[{"embeddable":true,"href":"https:\/\/blogs.elca.org\/elcaracialjustice\/wp-json\/wp\/v2\/comments?post=541"}],"version-history":[{"count":1,"href":"https:\/\/blogs.elca.org\/elcaracialjustice\/wp-json\/wp\/v2\/posts\/541\/revisions"}],"predecessor-version":[{"id":543,"href":"https:\/\/blogs.elca.org\/elcaracialjustice\/wp-json\/wp\/v2\/posts\/541\/revisions\/543"}],"wp:featuredmedia":[{"embeddable":true,"href":"https:\/\/blogs.elca.org\/elcaracialjustice\/wp-json\/wp\/v2\/media\/542"}],"wp:attachment":[{"href":"https:\/\/blogs.elca.org\/elcaracialjustice\/wp-json\/wp\/v2\/media?parent=541"}],"wp:term":[{"taxonomy":"category","embeddable":true,"href":"https:\/\/blogs.elca.org\/elcaracialjustice\/wp-json\/wp\/v2\/categories?post=541"},{"taxonomy":"post_tag","embeddable":true,"href":"https:\/\/blogs.elca.org\/elcaracialjustice\/wp-json\/wp\/v2\/tags?post=541"}],"curies":[{"name":"wp","href":"https:\/\/api.w.org\/{rel}","templated":true}]}}