{"id":214,"date":"2020-03-20T13:04:47","date_gmt":"2020-03-20T19:04:47","guid":{"rendered":"https:\/\/blogs.elca.org\/elcaracialjustice\/?p=214"},"modified":"2020-03-20T13:05:33","modified_gmt":"2020-03-20T19:05:33","slug":"en-honor-a-las-mujeres-de-francisco-javier-goitia-padilla","status":"publish","type":"post","link":"https:\/\/blogs.elca.org\/elcaracialjustice\/en-honor-a-las-mujeres-de-francisco-javier-goitia-padilla\/","title":{"rendered":"En Honor A Las Mujeres de Francisco Javier Goit\u00eda Padilla"},"content":{"rendered":"<p>Serm\u00f3n<\/p>\n<p>Francisco Javier Goit\u00eda Padilla<\/p>\n<p>Capilla IELA \u2013 19 de Febrero de 2020<\/p>\n<p>Mateo 5:21-37<\/p>\n<p><img loading=\"lazy\" decoding=\"async\" class=\"alignnone size-medium wp-image-211\" src=\"https:\/\/blogs.elca.org\/wp-content\/uploads\/sites\/59\/2020\/03\/Javier-Goitia-300x172.jpg\" alt=\"\" width=\"300\" height=\"172\" srcset=\"https:\/\/blogs.elca.org\/elcaracialjustice\/wp-content\/uploads\/sites\/59\/2020\/03\/Javier-Goitia-300x172.jpg 300w, https:\/\/blogs.elca.org\/elcaracialjustice\/wp-content\/uploads\/sites\/59\/2020\/03\/Javier-Goitia-768x440.jpg 768w, https:\/\/blogs.elca.org\/elcaracialjustice\/wp-content\/uploads\/sites\/59\/2020\/03\/Javier-Goitia-250x143.jpg 250w, https:\/\/blogs.elca.org\/elcaracialjustice\/wp-content\/uploads\/sites\/59\/2020\/03\/Javier-Goitia-611x350.jpg 611w, https:\/\/blogs.elca.org\/elcaracialjustice\/wp-content\/uploads\/sites\/59\/2020\/03\/Javier-Goitia.jpg 960w\" sizes=\"auto, (max-width: 300px) 100vw, 300px\" \/><\/p>\n<p>Gracia y paz del Uno y Trino Dios<\/p>\n<p>por los siglos de los siglos. Am\u00e9n.<\/p>\n<p>&nbsp;<\/p>\n<p>Esta es la segunda ocasi\u00f3n que vivo en Chicago.<\/p>\n<p>Del 2001 al 2005 viv\u00ed en Hyde Park.<\/p>\n<p>&nbsp;<\/p>\n<p>Ahora vivo en West Dundee,<\/p>\n<p>y viajo todos los d\u00edas al trabajo aqu\u00ed en el Centro Luterano.<\/p>\n<p>&nbsp;<\/p>\n<p>Una diferencia entre Chicago y Puerto Rico<\/p>\n<p>es la manera en que damos direcciones.<\/p>\n<p>&nbsp;<\/p>\n<p>Chicago es una ciudad cuadriculada.<\/p>\n<p>Las calles son l\u00edneas rectas y perpendiculares.<\/p>\n<p>Aqu\u00ed, cuando usted pregunta,<\/p>\n<p>\u00bfc\u00f3mo llego al Parque Milenial?,<\/p>\n<p>la gente contesta de la siguiente manera:<\/p>\n<p>Vaya hacia el Norte por tres cuadras,<\/p>\n<p>luego al Este por cuatro cuadras,<\/p>\n<p>y encontrar\u00e1 el parque paralelo a la Avenida Michigan.<\/p>\n<p>&nbsp;<\/p>\n<p>En Puerto Rico no damos direcciones as\u00ed.<\/p>\n<p>&nbsp;<\/p>\n<p>Si uste pregunta en Puerto Rico, \u00bfd\u00f3nde est\u00e1 el parque de b\u00e9isbol?<\/p>\n<p>Las personas le contestan m\u00e1s o menos as\u00ed:<\/p>\n<p>Siga derecho por un buen rato, hasta que encuentre un palo<a href=\"#_ftn1\" name=\"_ftnref1\">[1]<\/a> de mang\u00f3.<\/p>\n<p>Cuando llegue al palo de mango, vire a la izquierda.<\/p>\n<p>Siga drecho hasta que encuentre tres muertos<a href=\"#_ftn2\" name=\"_ftnref2\">[2]<\/a>.<\/p>\n<p>Despu\u00e9s del tercer muerto va a ver una casa amarilla a su izquierda.<\/p>\n<p>Vire a la izquierda y preg\u00fantele a alguien en la esquina.<\/p>\n<p>All\u00ed le ayudar\u00e1n.<\/p>\n<p>&nbsp;<\/p>\n<p>La manera en que damos direcciones es importante.<\/p>\n<p>Ellas nos ayudan, o no, a llegar a un lugar seguro.<\/p>\n<p>&nbsp;<\/p>\n<p>El texto de Mateo esta ma\u00f1ana nos provee direcciones.<\/p>\n<p>Pueden ser direcciones cuadradas y perpendiculares,<\/p>\n<p>o m\u00e1s aventureras, las cuales nos llevan a un nuevo lugar<\/p>\n<p>mientras nos deleitamos con un rico olor a mang\u00f3.<\/p>\n<p>&nbsp;<\/p>\n<p>Creo que esta es gran dificultad que enfrentamos hoy.<\/p>\n<p>C\u00f3mo obtenemos direcciones. C\u00f3mo intepretamos.<\/p>\n<p>Este texto de Mateo. La Iglesia. El pa\u00eds d\u00f3nde vivimos.<\/p>\n<p>&nbsp;<\/p>\n<p>Necesitamos discernir una hermen\u00e9utica que produzca vida,<\/p>\n<p>Y que esta vida sea una abundante.<\/p>\n<p>&nbsp;<\/p>\n<p>El marco hermen\u00e9utico general de hoy son las bienaventuranzas.<\/p>\n<p><em>Bienaventuradas las personas\u2026pobres, humildes, compasivas.<\/em><\/p>\n<p>&nbsp;<\/p>\n<p>Este marco hermen\u00e9utico general nos dice<\/p>\n<p>que Jes\u00fas aqu\u00ed nos est\u00e1 sofoc\u00e1ndonos con un literalismo r\u00edgido<\/p>\n<ul>\n<li>con l\u00edneas rectas y perpendiculares \u00a0\u00a0\u00a0&#8211;<\/li>\n<\/ul>\n<p>sino ret\u00e1ndonos con una \u00e9tica intensificada.<\/p>\n<p>&nbsp;<\/p>\n<p>Con una etica liberadora.<\/p>\n<p>&nbsp;<\/p>\n<p>El texto de Mateo nos presenta cuatro situaciones<\/p>\n<p>dirigidas a las personas que tienen poder,<\/p>\n<p>para protegenr a qui\u00e9nes no lo tienen.<\/p>\n<p>&nbsp;<\/p>\n<p>Para que las personas bienaventuradas<\/p>\n<p>sean dignificadas y protegidas.<\/p>\n<p><em>Aquellas que lloran. Las pacificadoras.<\/em><\/p>\n<p><em>Las perseguidas por causa de la justicia.<\/em><\/p>\n<p>&nbsp;<\/p>\n<p>El texto comienza hablando de hermanos y hermanas.<\/p>\n<p>Se dirige a la familia, a la comunidad, a la iglesia.<\/p>\n<p>&nbsp;<\/p>\n<p>Nos matar es dignificar.<\/p>\n<p>No matar es no destruir, no promover la violencia,<\/p>\n<p>no abusar ni despreciar a nadie.<\/p>\n<p>&nbsp;<\/p>\n<p>Mart\u00edn Lutero explica el quinto mandamiento<\/p>\n<p>de esta manera en el Catecismo Mayor:<\/p>\n<p><em>Primeramente que no se har\u00e1 mal a nadie, en primer t\u00e9rmino, ni con la mano,<\/em><\/p>\n<p><em> ni con la acci\u00f3n. Despu\u00e9s, que no se use la lengua para causar da\u00f1o al pr\u00f3jimo, hablando o dando consejos malignos. Adem\u00e1s, no se emplear\u00e1n ni se consentir\u00e1n medios o maneras de ninguna clase que pudieran ofender a alguien. Y, finalmente, que el coraz\u00f3n no sea enemigo de nadie ni desee el mal por ira o por odio, de tal modo que el cuerpo y el alma sean inocentes con respecto a cualquiera y especialmente con respecto a quien te desea o haga el mal.<\/em><\/p>\n<p>&nbsp;<\/p>\n<p>Nuestras palabras y acciones deben invitar a la familia, a la comunidad<\/p>\n<p>y todas las personas a la mesa del Se\u00f1or.<\/p>\n<p>&nbsp;<\/p>\n<p>Qui\u00e9nes tienen poder, quienes pueden,<\/p>\n<p>llegan a la mesa pensando solo en ellos mismos.<\/p>\n<p>Qui\u00e9nes piensan que pueden vivir sin comunidad,<\/p>\n<p>qui\u00e9nes creen que con sus recursos pueden vivir sin los dem\u00e1s,<\/p>\n<p>deben pensar y actuar de otra manera.<\/p>\n<p>&nbsp;<\/p>\n<p>Debemos a\u00f1adir, no excluir, gente a la mesa.<\/p>\n<p>&nbsp;<\/p>\n<p>El texto contin\u00faa, ahora dirigi\u00e9ndose a la situaci\u00f3n de las mujeres.<\/p>\n<p>Atiende asuntos de objetivaci\u00f3n.<\/p>\n<p>Denuncia abusos y privilegios.<\/p>\n<p>&nbsp;<\/p>\n<p>El poder en nuestra sociedad,<\/p>\n<p>y en la sociedad de los tiempos b\u00edblicos,<\/p>\n<p>est\u00e1 en manos de los hombres.<\/p>\n<p>Po la ley. Por la cultura. Por la fuerza.<\/p>\n<p>&nbsp;<\/p>\n<p>Qui\u00e9nes desean, qui\u00e9nes lujurian, aqu\u00ed, son los hombres.<\/p>\n<p>Hombres con poder. Hombres que pueden.<\/p>\n<p>Hombres que se salen con la suya.<\/p>\n<p>&nbsp;<\/p>\n<p>Porque s\u00ed.<\/p>\n<p>&nbsp;<\/p>\n<p>Jes\u00fas lo sabe, e intensifica su \u00e9tica.<\/p>\n<p>&nbsp;<\/p>\n<p>Si tu ojo derecho mira con deseos inapropiados y hace que abuses a una mujer,<\/p>\n<p>S\u00e1catelo y b\u00f3talo.<\/p>\n<p>&nbsp;<\/p>\n<p>Si usas tu mano para sobar sin permiso una mujer<\/p>\n<p>Como si fuera una libra de pan,<\/p>\n<p>C\u00f3rtatela y b\u00f3tala.<\/p>\n<p>&nbsp;<\/p>\n<p>Si extendemos esta hermen\u00e9utica en su direcci\u00f3n liberadora,<\/p>\n<p>Podemos decir que las mujeres no son objeto de la lujuria ni del deseo de nadie.<\/p>\n<p>&nbsp;<\/p>\n<p>Podemos decir, hoy, que las mujeres son libres.<\/p>\n<p>Libres para hacer. Para vestir. Para decidir.<\/p>\n<p>&nbsp;<\/p>\n<p>Ellas no necesitan protecci\u00f3n ni permiso. Necesitan poder.<\/p>\n<p>Necesitan afirmar lo que YA consiguieron.<\/p>\n<p>M\u00e1s parece que, en estos d\u00edas que vivimos,<\/p>\n<p>a\u00fan necesitan que defendamos lo que ellas han logrado<\/p>\n<p>y por lo que tanto han luchado.<\/p>\n<p>&nbsp;<\/p>\n<p>Como Jes\u00fas,<\/p>\n<p>que las proteg\u00e9 en su comentario acerca del divorcio.<\/p>\n<p>&nbsp;<\/p>\n<p>De la misma forma que los hombres usaban, y usan, la ley,<\/p>\n<p>para controlar y objetivizar a la mujer,<\/p>\n<p>as\u00ed mismo usaban, y usan, su poder para casarse y divorciarse.<\/p>\n<p>&nbsp;<\/p>\n<p>En este texto de Mateo,<\/p>\n<p>Jes\u00fas amarra a los hombres al matrimonio, para defender las mujeres.<\/p>\n<p>&nbsp;<\/p>\n<p>Las proteje de la pobreza y la marginalizaci\u00f3n.<\/p>\n<p>Las cuida para que no queden indefensas ni lugar social.<\/p>\n<p>Expuestas a la burla y el chisme.<\/p>\n<p>&nbsp;<\/p>\n<p>Porque el divorcio, para las mujeres,<\/p>\n<p>significaba marcarlas y olvidarlas socialmente.<\/p>\n<p>&nbsp;<\/p>\n<p>Porteger y cuidar, como Jes\u00fas lo hace en este texto,<\/p>\n<p>Significa hoy paga igual por igual trabajo.<\/p>\n<p>Significa las mismas oportunidades por las mismas competencias.<\/p>\n<p>&nbsp;<\/p>\n<p>Proteger y cuidar, como Jes\u00fas lo hace en este texto,<\/p>\n<p>significa, hoy, defender y luchar por los derechos y dignidad<\/p>\n<p>de todo ser humano que es usado y esquineado por el patriarcado.<\/p>\n<p>&nbsp;<\/p>\n<p>Significa abrazar a qui\u00e9nes sienten que tienen que ser invisibles para sobrevivir.<\/p>\n<p>&nbsp;<\/p>\n<p>Como ven, dar direcciones es complicado.<\/p>\n<p>Es un asunto de poder y control.<\/p>\n<p>&nbsp;<\/p>\n<p>Dar direcciones es ayudar a decidir hacia d\u00f3nde y c\u00f3mo dirigir a las personas,<\/p>\n<p>si de norte a sur transitando popr calles rectas y perpendiculares,<\/p>\n<p>o si llegamos al parque de be\u00edsbol sobellevando muertos en la carretera.<\/p>\n<p>&nbsp;<\/p>\n<p>El texto de hoy termina con Jes\u00fas habl\u00e1ndonos acerca de juramentos.<\/p>\n<p>Del poder de la palabra empe\u00f1ada.<\/p>\n<p>Se trata de contratos. De acuerdos laborales y sociales.<\/p>\n<p>&nbsp;<\/p>\n<p>Jes\u00fas nos dice que nuestro \u2018s\u00ed\u2019 sea \u2018s\u00ed\u2019, y que nuestro \u2018no\u2019 sea \u2018no\u2019.<\/p>\n<p>&nbsp;<\/p>\n<p>Qui\u00e9nes pod\u00edan cambiar su \u2018s\u00ed\u2019 a \u2018no\u2019 y su \u2018no\u2019 a \u2018s\u00ed\u2019,<\/p>\n<p>qui\u00e9nes pod\u00edan manipular sus juramentos,<\/p>\n<p>eran, y son, los due\u00f1os de los contratos.<\/p>\n<p>&nbsp;<\/p>\n<p>Esos que nos hacen firmar sin leer.<\/p>\n<p>Que nos hacen firmar porque no tenemos alternativa.<\/p>\n<p>Esos que manosean el sistema.<\/p>\n<p>Jes\u00fas nivela la mesa.<\/p>\n<p>No se puede cambiar. El \u2018s\u00ed\u2019 es \u2018s\u00ed\u2019 y el \u2018no\u2019 es \u2018no\u2019.<\/p>\n<p>A\u00fan para quienes est\u00e1n acostumbrados a cambiar su palabra para beneficiarse.<\/p>\n<p>A\u00fan para quienes tienen <em>padrinos que los bautizan<a href=\"#_ftn3\" name=\"_ftnref3\"><strong>[3]<\/strong><\/a><\/em>.<\/p>\n<p>&nbsp;<\/p>\n<p>Jes\u00fas nos exhorta a que nuestras acciones confirmen nuestras palabras.<\/p>\n<p>Jes\u00fas nos llama a que nuestro lenguaje sea inclusivo.<\/p>\n<p>&nbsp;<\/p>\n<p>No nos escondamos en nuestras palabras ni en vana propaganda.<\/p>\n<p>&nbsp;<\/p>\n<p>No usemos nuestras influencias para sacar ventaja de la gente,<\/p>\n<p>O para beneficiarnos, o benenficiar a un amigo o familiar, a cualquier costo.<\/p>\n<p>&nbsp;<\/p>\n<p>Que nuestro \u2018s\u00ed\u2019 sea \u2018s\u00ed\u2019, y nuestro \u2018no\u2019, \u2018no\u2019.<\/p>\n<p>&nbsp;<\/p>\n<p>Que nuestras relaciones y la manera en que somos sociedad<\/p>\n<p>Se fundamente en la verdad.<\/p>\n<p>En lo que realmente es.<\/p>\n<p>&nbsp;<\/p>\n<p>No decidamos leyes laborales, mores sociales, o nuestro futuro com\u00fan,<\/p>\n<p>A partir de la manipulaci\u00f3n, o santificaci\u00f3n, de data nebulosa.<\/p>\n<p>&nbsp;<\/p>\n<p>Que nuestras relaciones se fundamenten en la honestidad y el car\u00e1cter.<\/p>\n<p>En integridad y esperanza.<\/p>\n<p>&nbsp;<\/p>\n<p>Martin Luther King. Hijo, lo dijo de esta manera:<\/p>\n<p>El ser humano debe desarrolla un m\u00e9todo para lidiar<\/p>\n<p>Con los conflictos que rechase la venganza, la violencia y el desquite.<\/p>\n<p>El fundamente de un \u00e9todo as\u00ed es el amor.<a href=\"#_ftn4\" name=\"_ftnref4\">[4]<\/a><\/p>\n<p>&nbsp;<\/p>\n<p>Y dijo m\u00e1s:<\/p>\n<p>He decidido aferrarme al amor.<\/p>\n<p>El odio es un peso muy grande para cargar.<a href=\"#_ftn5\" name=\"_ftnref5\">[5]<\/a><\/p>\n<p>Hermanos y hermanas,<\/p>\n<p>nuestra vocaci\u00f3n hermen\u00e9utica hoy<\/p>\n<p>es la manera en que damos direcciones.<\/p>\n<p>&nbsp;<\/p>\n<p>No es un asunto de literalismos r\u00edgidos.<\/p>\n<p>Se trata de desafiar con esperanzada a partir de una \u00e9tica intensificada.<\/p>\n<p>&nbsp;<\/p>\n<p>Esta hermen\u00e9utica liberadora,<\/p>\n<p>est\u00e1 \u00e9tica intensificada, es la cruz, en medio nuestro,<\/p>\n<p>proveyendo lugar seguro para qui\u00e9nes no tienen poder.<\/p>\n<p>Un lugar seguro para qui\u00e9nes les quitan lo poco que tienen.<\/p>\n<p>&nbsp;<\/p>\n<p>Es la oportunidad de aventurarnos a viajar a nuevos lugares<\/p>\n<p>difrutando el olor de los mangoes a la orilla del camino.<\/p>\n<p>&nbsp;<\/p>\n<p>Las bienaventuranzas lo dicen bien:<\/p>\n<p><em>Bienaventurados sois cuando por mi causa os vituperen y os persigan,<\/em><\/p>\n<p><em>y digan toda clase de mal contra vosotros, mintiendo.<\/em><\/p>\n<p><em>Gozaos y alegraos, porque vuestro galard\u00f3n es grande en los cielos;<\/em><\/p>\n<p><em>porque as\u00ed persiguieron a los profetas\u00a0que fueron antes de vosotros.<\/em><\/p>\n<p>&nbsp;<\/p>\n<p>Am\u00e9n.<\/p>\n<p>&nbsp;<\/p>\n<p>Informaci\u00f3n biogr\u00e1fica:<\/p>\n<p>Francisco Javier Goit\u00eda Padilla es pastor ordenado del S\u00ednodo del Caribe de la IELA. Ha trabajado como pastor en Puerto Rico y Chicago. Actualmente trabaja como Director de Formaci\u00f3n Teol\u00f3gica para Seminarios y Escuelas de la IELA Trabaj\u00f3 como profesor de homil\u00e9tica y teolog\u00eda sistem\u00e1tica en el Seminario Evang\u00e9lico de Puerto Rico del 2005 al 2017.<\/p>\n<p>&nbsp;<\/p>\n<p>&nbsp;<\/p>\n<p><a href=\"#_ftnref1\" name=\"_ftn1\">[1]<\/a> \u00a0\u00a0\u00a0\u00a0\u00a0\u00a0\u00a0\u00a0\u00a0\u00a0\u00a0\u00a0\u00a0 \u00c1rbol.<\/p>\n<p><a href=\"#_ftnref2\" name=\"_ftn2\">[2]<\/a> \u00a0\u00a0\u00a0\u00a0\u00a0\u00a0\u00a0\u00a0\u00a0\u00a0\u00a0\u00a0\u00a0 Regulador de velocidad. Tiene diferentes nombres en diferentes pa\u00edses: guardias tumbados, rompemuelles, lomo de burro, policia acostado, topes, etc. En ingl\u00e9s es speed bump.<\/p>\n<p><a href=\"#_ftnref3\" name=\"_ftn3\">[3]<\/a> \u00a0\u00a0\u00a0\u00a0\u00a0\u00a0\u00a0\u00a0\u00a0\u00a0\u00a0\u00a0\u00a0 Este es un refr\u00e1n popular. Ver <a href=\"https:\/\/cvc.cervantes.es\/lengua\/refranero\/ficha.aspx?Par=58681&amp;Lng=0\">https:\/\/cvc.cervantes.es\/lengua\/refranero\/ficha.aspx?Par=58681&amp;Lng=0<\/a>.<\/p>\n<p><a href=\"#_ftnref4\" name=\"_ftn4\">[4]<\/a> \u00a0\u00a0\u00a0\u00a0\u00a0\u00a0\u00a0\u00a0\u00a0\u00a0 Man must evolve for all human conflict a method which rejects revenge, aggression and retaliation. The foundation of such a method is love. Traducci\u00f3n m\u00eda.<\/p>\n<p><a href=\"#_ftnref5\" name=\"_ftn5\">[5]<\/a> \u00a0\u00a0\u00a0\u00a0\u00a0\u00a0\u00a0\u00a0\u00a0\u00a0 I have decided to stick with love.Hate is too great a burden to bear. Traducci\u00f3n m\u00eda.<\/p>\n<p>&nbsp;<\/p>\n","protected":false},"excerpt":{"rendered":"<p>Serm\u00f3n Francisco Javier Goit\u00eda Padilla Capilla IELA \u2013 19 de Febrero de 2020 Mateo 5:21-37 Gracia y paz del Uno y Trino Dios por los siglos de los siglos. Am\u00e9n. &nbsp; Esta es la segunda ocasi\u00f3n que vivo en Chicago. Del 2001 al 2005 viv\u00ed en Hyde Park. &nbsp; Ahora vivo en West Dundee, y [&hellip;]<\/p>\n","protected":false},"author":237,"featured_media":0,"comment_status":"closed","ping_status":"closed","sticky":false,"template":"","format":"standard","meta":{"_acf_changed":false,"footnotes":""},"categories":[1],"tags":[],"class_list":["post-214","post","type-post","status-publish","format-standard","hentry","category-post"],"acf":[],"yoast_head":"<!-- This site is optimized with the Yoast SEO plugin v28.4 - https:\/\/yoast.com\/product\/yoast-seo-wordpress\/ -->\n<title>En Honor A Las Mujeres de Francisco Javier Goit\u00eda Padilla - ELCA Racial Justice<\/title>\n<meta name=\"robots\" content=\"index, follow, max-snippet:-1, max-image-preview:large, max-video-preview:-1\" \/>\n<link rel=\"canonical\" href=\"https:\/\/blogs.elca.org\/elcaracialjustice\/en-honor-a-las-mujeres-de-francisco-javier-goitia-padilla\/\" \/>\n<meta property=\"og:locale\" content=\"en_US\" \/>\n<meta property=\"og:type\" content=\"article\" \/>\n<meta property=\"og:title\" content=\"En Honor A Las Mujeres de Francisco Javier Goit\u00eda Padilla - ELCA Racial Justice\" \/>\n<meta property=\"og:description\" content=\"Serm\u00f3n Francisco Javier Goit\u00eda Padilla Capilla IELA \u2013 19 de Febrero de 2020 Mateo 5:21-37 Gracia y paz del Uno y Trino Dios por los siglos de los siglos. Am\u00e9n. &nbsp; Esta es la segunda ocasi\u00f3n que vivo en Chicago. Del 2001 al 2005 viv\u00ed en Hyde Park. &nbsp; Ahora vivo en West Dundee, y [&hellip;]\" \/>\n<meta property=\"og:url\" content=\"https:\/\/blogs.elca.org\/elcaracialjustice\/en-honor-a-las-mujeres-de-francisco-javier-goitia-padilla\/\" \/>\n<meta property=\"og:site_name\" content=\"ELCA Racial Justice\" \/>\n<meta property=\"article:published_time\" content=\"2020-03-20T19:04:47+00:00\" \/>\n<meta property=\"article:modified_time\" content=\"2020-03-20T19:05:33+00:00\" \/>\n<meta property=\"og:image\" content=\"https:\/\/blogs.elca.org\/elcaracialjustice\/wp-content\/uploads\/sites\/59\/2020\/03\/Javier-Goitia.jpg\" \/>\n\t<meta property=\"og:image:width\" content=\"960\" \/>\n\t<meta property=\"og:image:height\" content=\"550\" \/>\n\t<meta property=\"og:image:type\" content=\"image\/jpeg\" \/>\n<meta name=\"author\" content=\"Racial Justice Ministries\" \/>\n<meta name=\"twitter:card\" content=\"summary_large_image\" \/>\n<meta name=\"twitter:label1\" content=\"Written by\" \/>\n\t<meta name=\"twitter:data1\" content=\"Racial Justice Ministries\" \/>\n\t<meta name=\"twitter:label2\" content=\"Est. reading time\" \/>\n\t<meta name=\"twitter:data2\" content=\"9 minutes\" \/>\n<script type=\"application\/ld+json\" class=\"yoast-schema-graph\">{\"@context\":\"https:\\\/\\\/schema.org\",\"@graph\":[{\"@type\":\"Article\",\"@id\":\"https:\\\/\\\/blogs.elca.org\\\/elcaracialjustice\\\/en-honor-a-las-mujeres-de-francisco-javier-goitia-padilla\\\/#article\",\"isPartOf\":{\"@id\":\"https:\\\/\\\/blogs.elca.org\\\/elcaracialjustice\\\/en-honor-a-las-mujeres-de-francisco-javier-goitia-padilla\\\/\"},\"author\":{\"name\":\"Racial Justice Ministries\",\"@id\":\"https:\\\/\\\/blogs.elca.org\\\/elcaracialjustice\\\/#\\\/schema\\\/person\\\/41cd1a238ccd1d1b962468817f2c4eb6\"},\"headline\":\"En Honor A Las Mujeres de Francisco Javier Goit\u00eda Padilla\",\"datePublished\":\"2020-03-20T19:04:47+00:00\",\"dateModified\":\"2020-03-20T19:05:33+00:00\",\"mainEntityOfPage\":{\"@id\":\"https:\\\/\\\/blogs.elca.org\\\/elcaracialjustice\\\/en-honor-a-las-mujeres-de-francisco-javier-goitia-padilla\\\/\"},\"wordCount\":1769,\"image\":{\"@id\":\"https:\\\/\\\/blogs.elca.org\\\/elcaracialjustice\\\/en-honor-a-las-mujeres-de-francisco-javier-goitia-padilla\\\/#primaryimage\"},\"thumbnailUrl\":\"https:\\\/\\\/blogs.elca.org\\\/wp-content\\\/uploads\\\/sites\\\/59\\\/2020\\\/03\\\/Javier-Goitia-300x172.jpg\",\"articleSection\":[\"Post\"],\"inLanguage\":\"en-US\"},{\"@type\":\"WebPage\",\"@id\":\"https:\\\/\\\/blogs.elca.org\\\/elcaracialjustice\\\/en-honor-a-las-mujeres-de-francisco-javier-goitia-padilla\\\/\",\"url\":\"https:\\\/\\\/blogs.elca.org\\\/elcaracialjustice\\\/en-honor-a-las-mujeres-de-francisco-javier-goitia-padilla\\\/\",\"name\":\"En Honor A Las Mujeres de Francisco Javier Goit\u00eda Padilla - ELCA Racial Justice\",\"isPartOf\":{\"@id\":\"https:\\\/\\\/blogs.elca.org\\\/elcaracialjustice\\\/#website\"},\"primaryImageOfPage\":{\"@id\":\"https:\\\/\\\/blogs.elca.org\\\/elcaracialjustice\\\/en-honor-a-las-mujeres-de-francisco-javier-goitia-padilla\\\/#primaryimage\"},\"image\":{\"@id\":\"https:\\\/\\\/blogs.elca.org\\\/elcaracialjustice\\\/en-honor-a-las-mujeres-de-francisco-javier-goitia-padilla\\\/#primaryimage\"},\"thumbnailUrl\":\"https:\\\/\\\/blogs.elca.org\\\/wp-content\\\/uploads\\\/sites\\\/59\\\/2020\\\/03\\\/Javier-Goitia-300x172.jpg\",\"datePublished\":\"2020-03-20T19:04:47+00:00\",\"dateModified\":\"2020-03-20T19:05:33+00:00\",\"author\":{\"@id\":\"https:\\\/\\\/blogs.elca.org\\\/elcaracialjustice\\\/#\\\/schema\\\/person\\\/41cd1a238ccd1d1b962468817f2c4eb6\"},\"breadcrumb\":{\"@id\":\"https:\\\/\\\/blogs.elca.org\\\/elcaracialjustice\\\/en-honor-a-las-mujeres-de-francisco-javier-goitia-padilla\\\/#breadcrumb\"},\"inLanguage\":\"en-US\",\"potentialAction\":[{\"@type\":\"ReadAction\",\"target\":[\"https:\\\/\\\/blogs.elca.org\\\/elcaracialjustice\\\/en-honor-a-las-mujeres-de-francisco-javier-goitia-padilla\\\/\"]}]},{\"@type\":\"ImageObject\",\"inLanguage\":\"en-US\",\"@id\":\"https:\\\/\\\/blogs.elca.org\\\/elcaracialjustice\\\/en-honor-a-las-mujeres-de-francisco-javier-goitia-padilla\\\/#primaryimage\",\"url\":\"https:\\\/\\\/blogs.elca.org\\\/wp-content\\\/uploads\\\/sites\\\/59\\\/2020\\\/03\\\/Javier-Goitia-300x172.jpg\",\"contentUrl\":\"https:\\\/\\\/blogs.elca.org\\\/wp-content\\\/uploads\\\/sites\\\/59\\\/2020\\\/03\\\/Javier-Goitia-300x172.jpg\"},{\"@type\":\"BreadcrumbList\",\"@id\":\"https:\\\/\\\/blogs.elca.org\\\/elcaracialjustice\\\/en-honor-a-las-mujeres-de-francisco-javier-goitia-padilla\\\/#breadcrumb\",\"itemListElement\":[{\"@type\":\"ListItem\",\"position\":1,\"name\":\"Home\",\"item\":\"https:\\\/\\\/blogs.elca.org\\\/elcaracialjustice\\\/\"},{\"@type\":\"ListItem\",\"position\":2,\"name\":\"En Honor A Las Mujeres de Francisco Javier Goit\u00eda Padilla\"}]},{\"@type\":\"WebSite\",\"@id\":\"https:\\\/\\\/blogs.elca.org\\\/elcaracialjustice\\\/#website\",\"url\":\"https:\\\/\\\/blogs.elca.org\\\/elcaracialjustice\\\/\",\"name\":\"ELCA Racial Justice\",\"description\":\"\",\"potentialAction\":[{\"@type\":\"SearchAction\",\"target\":{\"@type\":\"EntryPoint\",\"urlTemplate\":\"https:\\\/\\\/blogs.elca.org\\\/elcaracialjustice\\\/?s={search_term_string}\"},\"query-input\":{\"@type\":\"PropertyValueSpecification\",\"valueRequired\":true,\"valueName\":\"search_term_string\"}}],\"inLanguage\":\"en-US\"},{\"@type\":\"Person\",\"@id\":\"https:\\\/\\\/blogs.elca.org\\\/elcaracialjustice\\\/#\\\/schema\\\/person\\\/41cd1a238ccd1d1b962468817f2c4eb6\",\"name\":\"Racial Justice Ministries\",\"image\":{\"@type\":\"ImageObject\",\"inLanguage\":\"en-US\",\"@id\":\"https:\\\/\\\/secure.gravatar.com\\\/avatar\\\/a5424cbf06620d4bf105fd77b0cb08e8b72f76c90025cf871d132bb7429cbfcd?s=96&d=mm&r=g\",\"url\":\"https:\\\/\\\/secure.gravatar.com\\\/avatar\\\/a5424cbf06620d4bf105fd77b0cb08e8b72f76c90025cf871d132bb7429cbfcd?s=96&d=mm&r=g\",\"contentUrl\":\"https:\\\/\\\/secure.gravatar.com\\\/avatar\\\/a5424cbf06620d4bf105fd77b0cb08e8b72f76c90025cf871d132bb7429cbfcd?s=96&d=mm&r=g\",\"caption\":\"Racial Justice Ministries\"},\"url\":\"https:\\\/\\\/blogs.elca.org\\\/elcaracialjustice\\\/author\\\/jroberts\\\/\"}]}<\/script>\n<!-- \/ Yoast SEO plugin. -->","yoast_head_json":{"title":"En Honor A Las Mujeres de Francisco Javier Goit\u00eda Padilla - ELCA Racial Justice","robots":{"index":"index","follow":"follow","max-snippet":"max-snippet:-1","max-image-preview":"max-image-preview:large","max-video-preview":"max-video-preview:-1"},"canonical":"https:\/\/blogs.elca.org\/elcaracialjustice\/en-honor-a-las-mujeres-de-francisco-javier-goitia-padilla\/","og_locale":"en_US","og_type":"article","og_title":"En Honor A Las Mujeres de Francisco Javier Goit\u00eda Padilla - ELCA Racial Justice","og_description":"Serm\u00f3n Francisco Javier Goit\u00eda Padilla Capilla IELA \u2013 19 de Febrero de 2020 Mateo 5:21-37 Gracia y paz del Uno y Trino Dios por los siglos de los siglos. Am\u00e9n. &nbsp; Esta es la segunda ocasi\u00f3n que vivo en Chicago. Del 2001 al 2005 viv\u00ed en Hyde Park. &nbsp; Ahora vivo en West Dundee, y [&hellip;]","og_url":"https:\/\/blogs.elca.org\/elcaracialjustice\/en-honor-a-las-mujeres-de-francisco-javier-goitia-padilla\/","og_site_name":"ELCA Racial Justice","article_published_time":"2020-03-20T19:04:47+00:00","article_modified_time":"2020-03-20T19:05:33+00:00","og_image":[{"width":960,"height":550,"url":"https:\/\/blogs.elca.org\/elcaracialjustice\/wp-content\/uploads\/sites\/59\/2020\/03\/Javier-Goitia.jpg","type":"image\/jpeg"}],"author":"Racial Justice Ministries","twitter_card":"summary_large_image","twitter_misc":{"Written by":"Racial Justice Ministries","Est. reading time":"9 minutes"},"schema":{"@context":"https:\/\/schema.org","@graph":[{"@type":"Article","@id":"https:\/\/blogs.elca.org\/elcaracialjustice\/en-honor-a-las-mujeres-de-francisco-javier-goitia-padilla\/#article","isPartOf":{"@id":"https:\/\/blogs.elca.org\/elcaracialjustice\/en-honor-a-las-mujeres-de-francisco-javier-goitia-padilla\/"},"author":{"name":"Racial Justice Ministries","@id":"https:\/\/blogs.elca.org\/elcaracialjustice\/#\/schema\/person\/41cd1a238ccd1d1b962468817f2c4eb6"},"headline":"En Honor A Las Mujeres de Francisco Javier Goit\u00eda Padilla","datePublished":"2020-03-20T19:04:47+00:00","dateModified":"2020-03-20T19:05:33+00:00","mainEntityOfPage":{"@id":"https:\/\/blogs.elca.org\/elcaracialjustice\/en-honor-a-las-mujeres-de-francisco-javier-goitia-padilla\/"},"wordCount":1769,"image":{"@id":"https:\/\/blogs.elca.org\/elcaracialjustice\/en-honor-a-las-mujeres-de-francisco-javier-goitia-padilla\/#primaryimage"},"thumbnailUrl":"https:\/\/blogs.elca.org\/wp-content\/uploads\/sites\/59\/2020\/03\/Javier-Goitia-300x172.jpg","articleSection":["Post"],"inLanguage":"en-US"},{"@type":"WebPage","@id":"https:\/\/blogs.elca.org\/elcaracialjustice\/en-honor-a-las-mujeres-de-francisco-javier-goitia-padilla\/","url":"https:\/\/blogs.elca.org\/elcaracialjustice\/en-honor-a-las-mujeres-de-francisco-javier-goitia-padilla\/","name":"En Honor A Las Mujeres de Francisco Javier Goit\u00eda Padilla - ELCA Racial Justice","isPartOf":{"@id":"https:\/\/blogs.elca.org\/elcaracialjustice\/#website"},"primaryImageOfPage":{"@id":"https:\/\/blogs.elca.org\/elcaracialjustice\/en-honor-a-las-mujeres-de-francisco-javier-goitia-padilla\/#primaryimage"},"image":{"@id":"https:\/\/blogs.elca.org\/elcaracialjustice\/en-honor-a-las-mujeres-de-francisco-javier-goitia-padilla\/#primaryimage"},"thumbnailUrl":"https:\/\/blogs.elca.org\/wp-content\/uploads\/sites\/59\/2020\/03\/Javier-Goitia-300x172.jpg","datePublished":"2020-03-20T19:04:47+00:00","dateModified":"2020-03-20T19:05:33+00:00","author":{"@id":"https:\/\/blogs.elca.org\/elcaracialjustice\/#\/schema\/person\/41cd1a238ccd1d1b962468817f2c4eb6"},"breadcrumb":{"@id":"https:\/\/blogs.elca.org\/elcaracialjustice\/en-honor-a-las-mujeres-de-francisco-javier-goitia-padilla\/#breadcrumb"},"inLanguage":"en-US","potentialAction":[{"@type":"ReadAction","target":["https:\/\/blogs.elca.org\/elcaracialjustice\/en-honor-a-las-mujeres-de-francisco-javier-goitia-padilla\/"]}]},{"@type":"ImageObject","inLanguage":"en-US","@id":"https:\/\/blogs.elca.org\/elcaracialjustice\/en-honor-a-las-mujeres-de-francisco-javier-goitia-padilla\/#primaryimage","url":"https:\/\/blogs.elca.org\/wp-content\/uploads\/sites\/59\/2020\/03\/Javier-Goitia-300x172.jpg","contentUrl":"https:\/\/blogs.elca.org\/wp-content\/uploads\/sites\/59\/2020\/03\/Javier-Goitia-300x172.jpg"},{"@type":"BreadcrumbList","@id":"https:\/\/blogs.elca.org\/elcaracialjustice\/en-honor-a-las-mujeres-de-francisco-javier-goitia-padilla\/#breadcrumb","itemListElement":[{"@type":"ListItem","position":1,"name":"Home","item":"https:\/\/blogs.elca.org\/elcaracialjustice\/"},{"@type":"ListItem","position":2,"name":"En Honor A Las Mujeres de Francisco Javier Goit\u00eda Padilla"}]},{"@type":"WebSite","@id":"https:\/\/blogs.elca.org\/elcaracialjustice\/#website","url":"https:\/\/blogs.elca.org\/elcaracialjustice\/","name":"ELCA Racial Justice","description":"","potentialAction":[{"@type":"SearchAction","target":{"@type":"EntryPoint","urlTemplate":"https:\/\/blogs.elca.org\/elcaracialjustice\/?s={search_term_string}"},"query-input":{"@type":"PropertyValueSpecification","valueRequired":true,"valueName":"search_term_string"}}],"inLanguage":"en-US"},{"@type":"Person","@id":"https:\/\/blogs.elca.org\/elcaracialjustice\/#\/schema\/person\/41cd1a238ccd1d1b962468817f2c4eb6","name":"Racial Justice Ministries","image":{"@type":"ImageObject","inLanguage":"en-US","@id":"https:\/\/secure.gravatar.com\/avatar\/a5424cbf06620d4bf105fd77b0cb08e8b72f76c90025cf871d132bb7429cbfcd?s=96&d=mm&r=g","url":"https:\/\/secure.gravatar.com\/avatar\/a5424cbf06620d4bf105fd77b0cb08e8b72f76c90025cf871d132bb7429cbfcd?s=96&d=mm&r=g","contentUrl":"https:\/\/secure.gravatar.com\/avatar\/a5424cbf06620d4bf105fd77b0cb08e8b72f76c90025cf871d132bb7429cbfcd?s=96&d=mm&r=g","caption":"Racial Justice Ministries"},"url":"https:\/\/blogs.elca.org\/elcaracialjustice\/author\/jroberts\/"}]}},"_links":{"self":[{"href":"https:\/\/blogs.elca.org\/elcaracialjustice\/wp-json\/wp\/v2\/posts\/214","targetHints":{"allow":["GET"]}}],"collection":[{"href":"https:\/\/blogs.elca.org\/elcaracialjustice\/wp-json\/wp\/v2\/posts"}],"about":[{"href":"https:\/\/blogs.elca.org\/elcaracialjustice\/wp-json\/wp\/v2\/types\/post"}],"author":[{"embeddable":true,"href":"https:\/\/blogs.elca.org\/elcaracialjustice\/wp-json\/wp\/v2\/users\/237"}],"replies":[{"embeddable":true,"href":"https:\/\/blogs.elca.org\/elcaracialjustice\/wp-json\/wp\/v2\/comments?post=214"}],"version-history":[{"count":3,"href":"https:\/\/blogs.elca.org\/elcaracialjustice\/wp-json\/wp\/v2\/posts\/214\/revisions"}],"predecessor-version":[{"id":217,"href":"https:\/\/blogs.elca.org\/elcaracialjustice\/wp-json\/wp\/v2\/posts\/214\/revisions\/217"}],"wp:attachment":[{"href":"https:\/\/blogs.elca.org\/elcaracialjustice\/wp-json\/wp\/v2\/media?parent=214"}],"wp:term":[{"taxonomy":"category","embeddable":true,"href":"https:\/\/blogs.elca.org\/elcaracialjustice\/wp-json\/wp\/v2\/categories?post=214"},{"taxonomy":"post_tag","embeddable":true,"href":"https:\/\/blogs.elca.org\/elcaracialjustice\/wp-json\/wp\/v2\/tags?post=214"}],"curies":[{"name":"wp","href":"https:\/\/api.w.org\/{rel}","templated":true}]}}