{"id":3763,"date":"2019-04-29T10:15:07","date_gmt":"2019-04-29T15:15:07","guid":{"rendered":"https:\/\/blogs.elca.org\/advocacy\/?p=3763"},"modified":"2019-04-29T10:15:07","modified_gmt":"2019-04-29T15:15:07","slug":"compromiso-con-la-creacion-y-ls-vecin-en-este-momento-en-espanol","status":"publish","type":"post","link":"https:\/\/blogs.elca.org\/advocacy\/compromiso-con-la-creacion-y-ls-vecin-en-este-momento-en-espanol\/","title":{"rendered":"Compromiso con la creaci\u00f3n y l@s Vecin@ en este momento [en espa\u00f1ol]"},"content":{"rendered":"<p>&nbsp;<\/p>\n<p><em>-por la Rev. Amy E. Reumann, Directora de defensa de ELCA<\/em><\/p>\n<p>&nbsp;<\/p>\n<p style=\"text-align: center\"><em>Oh Dios, nuestra ayuda en \u00e9pocas pasadas, nuestra esperanza en los a\u00f1os venideros,<\/em><\/p>\n<p style=\"text-align: center\"><em>Nuestro refugio en la r\u00e1faga de tempestad, y nuestro hogar eterno.<\/em><\/p>\n<p style=\"text-align: center\">ELW 632, stanza 1 [Adoraci\u00f3n Evang\u00e9lica Luterana 632, primera estrofa] 705pm<\/p>\n<p>&nbsp;<\/p>\n<p>A mediados de 2018, el Grupo Defensor de la ELCA decidi\u00f3 enfocar la Convocatoria de Defensa, una reuni\u00f3n de <a href=\"https:\/\/blogs.elca.org\/wp-content\/uploads\/sites\/41\/2019\/04\/Advocacy-Covening-Baptism-Fount.jpg\"><img loading=\"lazy\" decoding=\"async\" class=\"alignright size-full wp-image-3769\" src=\"https:\/\/blogs.elca.org\/wp-content\/uploads\/sites\/41\/2019\/04\/Advocacy-Covening-Baptism-Fount.jpg\" alt=\"\" width=\"200\" height=\"150\" \/><\/a>defensa para los obispos y l\u00edderes clave de la comunidad y ELCA en la intensificaci\u00f3n de los desastres como consecuencia del cambio clim\u00e1tico. Sab\u00edamos que este tema requer\u00eda nuestra defensa urgente. Desde ese entonces, millones de personas m\u00e1s han sufrido a ra\u00edz del terremoto y el tsunami en Indonesia, los incendios forestales en California, el cicl\u00f3n Idai en el sureste de \u00c1frica, y las inundaciones generalizadas en la zona central de los Estados Unidos. La tierra gime mientras el calentamiento del clima intensifica la sequ\u00eda, las inundaciones, los incendios forestales, y aumentan los niveles del mar, y \u00e9stos, a su vez, aceleran el hambre, el conflicto, la migraci\u00f3n, y afectan el bienestar de cada habitante de nuestro planeta.<\/p>\n<p>Como respuesta a este sufrimiento masivo, nos volvemos a Dios, nuestra ayuda, pidiendo liberaci\u00f3n para aquellos que est\u00e1n en peligro. Lamentamos que los impactos del clima golpean primero y en forma desproporcionada a los que menos han hecho para ocasionarlos. Confesamos que los esfuerzos de alivio y recuperaci\u00f3n para los supervivientes de desastres naturales no son distribuidos justamente, lo cual refleja y agudiza las inigualdades raciales y de g\u00e9nero que se encuentran entretejidas en nuestra sociedad.<\/p>\n<p>Se requiere que el liderazgo de la comunidad de fe, en el corto lapso de tiempo que le queda a nuestro mundo, d\u00e9 marcha atr\u00e1s de los peores impactos clim\u00e1ticos. La soluci\u00f3n de la crisis clim\u00e1tica exige que reimaginemos nuestras relaciones con la creaci\u00f3n y las de los unos con los otros. Esto incluye nuestras medidas de repudiar la doctrina del descubrimiento y denunciar la colonizaci\u00f3n de la creaci\u00f3n, las cuales alimentan nuestro consumo interminable. Tambi\u00e9n exige un despertar espiritual a formas nuevas y m\u00e1s vivificadoras de relacionarnos con el mundo creado y los unos con los otros.<\/p>\n<p>Nuestro esta iglesia a la acci\u00f3n persistente y resuelta a favor de la creaci\u00f3n y de nuestro pr\u00f3jimo est\u00e1 profundizando. Aprenderemos de la experiencia y del conocimiento experto en el clima y de la respuesta ante desastres de unos y otros, llevaremos importantes conversaciones sobre el clima y un discernimiento comunitario a lo largo de las fallas geol\u00f3gicas de nuestro pa\u00eds, y llamaremos a nuestros l\u00edderes a la acci\u00f3n. Estamos involucrados en un esfuerzo continuo por reducir las emisiones de gases de efecto invernadero, asegurar la transici\u00f3n justa de combustibles f\u00f3siles en nuestras comunidades, y abordar las p\u00e9rdidas, da\u00f1os, y el bienestar de los supervivientes de desastres naturales. Se necesitan urgentemente su voz y su presencia. Mientras nos reunimos, ponemos nuestra confianza en el Dios que nos form\u00f3, sopl\u00f3 aliento de vida en nuestro mundo, y nos sostiene ahora y siempre.<\/p>\n<p>&nbsp;<\/p>\n<p style=\"text-align: center\"><em>Antes de que los montes fuesen ordenados o la tierra recibiera su marco,<\/em><\/p>\n<p style=\"text-align: center\"><em>Desde la eternidad eres Dios, el mismo por siempre y para siempre.<\/em><\/p>\n<p style=\"text-align: center\">ELW 632, stanza 1 [Adoraci\u00f3n Evang\u00e9lica Luterana 632, tercera estrofa]<\/p>\n<p>&nbsp;<\/p>\n<p>&nbsp;<\/p>\n","protected":false},"excerpt":{"rendered":"<p>&nbsp; -por la Rev. Amy E. Reumann, Directora de defensa de ELCA &nbsp; Oh Dios, nuestra ayuda en \u00e9pocas pasadas, nuestra esperanza en los a\u00f1os venideros, Nuestro refugio en la r\u00e1faga de tempestad, y nuestro hogar eterno. ELW 632, stanza 1 [Adoraci\u00f3n Evang\u00e9lica Luterana 632, primera estrofa] 705pm &nbsp; A mediados de 2018, el Grupo [&hellip;]<\/p>\n","protected":false},"author":255,"featured_media":0,"comment_status":"closed","ping_status":"closed","sticky":false,"template":"","format":"standard","meta":{"_acf_changed":false,"footnotes":""},"categories":[1400],"tags":[],"class_list":["post-3763","post","type-post","status-publish","format-standard","hentry","category-post"],"acf":[],"yoast_head":"<!-- This site is optimized with the Yoast SEO plugin v28.4 - https:\/\/yoast.com\/product\/yoast-seo-wordpress\/ -->\n<title>Compromiso con la creaci\u00f3n y l@s Vecin@ en este momento [en espa\u00f1ol] - ELCA Advocacy<\/title>\n<meta name=\"robots\" content=\"index, follow, max-snippet:-1, max-image-preview:large, max-video-preview:-1\" \/>\n<link rel=\"canonical\" href=\"https:\/\/blogs.elca.org\/advocacy\/compromiso-con-la-creacion-y-ls-vecin-en-este-momento-en-espanol\/\" \/>\n<meta property=\"og:locale\" content=\"en_US\" \/>\n<meta property=\"og:type\" content=\"article\" \/>\n<meta property=\"og:title\" content=\"Compromiso con la creaci\u00f3n y l@s Vecin@ en este momento [en espa\u00f1ol] - ELCA Advocacy\" \/>\n<meta property=\"og:description\" content=\"&nbsp; -por la Rev. Amy E. Reumann, Directora de defensa de ELCA &nbsp; Oh Dios, nuestra ayuda en \u00e9pocas pasadas, nuestra esperanza en los a\u00f1os venideros, Nuestro refugio en la r\u00e1faga de tempestad, y nuestro hogar eterno. ELW 632, stanza 1 [Adoraci\u00f3n Evang\u00e9lica Luterana 632, primera estrofa] 705pm &nbsp; A mediados de 2018, el Grupo [&hellip;]\" \/>\n<meta property=\"og:url\" content=\"https:\/\/blogs.elca.org\/advocacy\/compromiso-con-la-creacion-y-ls-vecin-en-este-momento-en-espanol\/\" \/>\n<meta property=\"og:site_name\" content=\"ELCA Advocacy\" \/>\n<meta property=\"article:published_time\" content=\"2019-04-29T15:15:07+00:00\" \/>\n<meta property=\"og:image\" content=\"https:\/\/blogs.elca.org\/advocacy\/wp-content\/uploads\/sites\/41\/2019\/04\/Advocacy-Covening-Baptism-Fount.jpg\" \/>\n\t<meta property=\"og:image:width\" content=\"200\" \/>\n\t<meta property=\"og:image:height\" content=\"150\" \/>\n\t<meta property=\"og:image:type\" content=\"image\/jpeg\" \/>\n<meta name=\"author\" content=\"ELCA Advocacy\" \/>\n<meta name=\"twitter:card\" content=\"summary_large_image\" \/>\n<meta name=\"twitter:label1\" content=\"Written by\" \/>\n\t<meta name=\"twitter:data1\" content=\"ELCA Advocacy\" \/>\n\t<meta name=\"twitter:label2\" content=\"Est. reading time\" \/>\n\t<meta name=\"twitter:data2\" content=\"3 minutes\" \/>\n<script type=\"application\/ld+json\" class=\"yoast-schema-graph\">{\"@context\":\"https:\\\/\\\/schema.org\",\"@graph\":[{\"@type\":\"Article\",\"@id\":\"https:\\\/\\\/blogs.elca.org\\\/advocacy\\\/compromiso-con-la-creacion-y-ls-vecin-en-este-momento-en-espanol\\\/#article\",\"isPartOf\":{\"@id\":\"https:\\\/\\\/blogs.elca.org\\\/advocacy\\\/compromiso-con-la-creacion-y-ls-vecin-en-este-momento-en-espanol\\\/\"},\"author\":{\"name\":\"ELCA Advocacy\",\"@id\":\"https:\\\/\\\/blogs.elca.org\\\/advocacy\\\/#\\\/schema\\\/person\\\/2dacd1242746fa74ac702ca55584111f\"},\"headline\":\"Compromiso con la creaci\u00f3n y l@s Vecin@ en este momento [en espa\u00f1ol]\",\"datePublished\":\"2019-04-29T15:15:07+00:00\",\"mainEntityOfPage\":{\"@id\":\"https:\\\/\\\/blogs.elca.org\\\/advocacy\\\/compromiso-con-la-creacion-y-ls-vecin-en-este-momento-en-espanol\\\/\"},\"wordCount\":588,\"image\":{\"@id\":\"https:\\\/\\\/blogs.elca.org\\\/advocacy\\\/compromiso-con-la-creacion-y-ls-vecin-en-este-momento-en-espanol\\\/#primaryimage\"},\"thumbnailUrl\":\"https:\\\/\\\/blogs.elca.org\\\/wp-content\\\/uploads\\\/sites\\\/41\\\/2019\\\/04\\\/Advocacy-Covening-Baptism-Fount.jpg\",\"articleSection\":[\"Post\"],\"inLanguage\":\"en-US\"},{\"@type\":\"WebPage\",\"@id\":\"https:\\\/\\\/blogs.elca.org\\\/advocacy\\\/compromiso-con-la-creacion-y-ls-vecin-en-este-momento-en-espanol\\\/\",\"url\":\"https:\\\/\\\/blogs.elca.org\\\/advocacy\\\/compromiso-con-la-creacion-y-ls-vecin-en-este-momento-en-espanol\\\/\",\"name\":\"Compromiso con la creaci\u00f3n y l@s Vecin@ en este momento [en espa\u00f1ol] - ELCA Advocacy\",\"isPartOf\":{\"@id\":\"https:\\\/\\\/blogs.elca.org\\\/advocacy\\\/#website\"},\"primaryImageOfPage\":{\"@id\":\"https:\\\/\\\/blogs.elca.org\\\/advocacy\\\/compromiso-con-la-creacion-y-ls-vecin-en-este-momento-en-espanol\\\/#primaryimage\"},\"image\":{\"@id\":\"https:\\\/\\\/blogs.elca.org\\\/advocacy\\\/compromiso-con-la-creacion-y-ls-vecin-en-este-momento-en-espanol\\\/#primaryimage\"},\"thumbnailUrl\":\"https:\\\/\\\/blogs.elca.org\\\/wp-content\\\/uploads\\\/sites\\\/41\\\/2019\\\/04\\\/Advocacy-Covening-Baptism-Fount.jpg\",\"datePublished\":\"2019-04-29T15:15:07+00:00\",\"author\":{\"@id\":\"https:\\\/\\\/blogs.elca.org\\\/advocacy\\\/#\\\/schema\\\/person\\\/2dacd1242746fa74ac702ca55584111f\"},\"breadcrumb\":{\"@id\":\"https:\\\/\\\/blogs.elca.org\\\/advocacy\\\/compromiso-con-la-creacion-y-ls-vecin-en-este-momento-en-espanol\\\/#breadcrumb\"},\"inLanguage\":\"en-US\",\"potentialAction\":[{\"@type\":\"ReadAction\",\"target\":[\"https:\\\/\\\/blogs.elca.org\\\/advocacy\\\/compromiso-con-la-creacion-y-ls-vecin-en-este-momento-en-espanol\\\/\"]}]},{\"@type\":\"ImageObject\",\"inLanguage\":\"en-US\",\"@id\":\"https:\\\/\\\/blogs.elca.org\\\/advocacy\\\/compromiso-con-la-creacion-y-ls-vecin-en-este-momento-en-espanol\\\/#primaryimage\",\"url\":\"https:\\\/\\\/blogs.elca.org\\\/wp-content\\\/uploads\\\/sites\\\/41\\\/2019\\\/04\\\/Advocacy-Covening-Baptism-Fount.jpg\",\"contentUrl\":\"https:\\\/\\\/blogs.elca.org\\\/wp-content\\\/uploads\\\/sites\\\/41\\\/2019\\\/04\\\/Advocacy-Covening-Baptism-Fount.jpg\"},{\"@type\":\"BreadcrumbList\",\"@id\":\"https:\\\/\\\/blogs.elca.org\\\/advocacy\\\/compromiso-con-la-creacion-y-ls-vecin-en-este-momento-en-espanol\\\/#breadcrumb\",\"itemListElement\":[{\"@type\":\"ListItem\",\"position\":1,\"name\":\"Home\",\"item\":\"https:\\\/\\\/blogs.elca.org\\\/advocacy\\\/\"},{\"@type\":\"ListItem\",\"position\":2,\"name\":\"Compromiso con la creaci\u00f3n y l@s Vecin@ en este momento [en espa\u00f1ol]\"}]},{\"@type\":\"WebSite\",\"@id\":\"https:\\\/\\\/blogs.elca.org\\\/advocacy\\\/#website\",\"url\":\"https:\\\/\\\/blogs.elca.org\\\/advocacy\\\/\",\"name\":\"ELCA Advocacy\",\"description\":\"Advocacy ministries of the ELCA want to share stories and your voices about public policies and relevant advocacy issues that are of interest to you.\",\"potentialAction\":[{\"@type\":\"SearchAction\",\"target\":{\"@type\":\"EntryPoint\",\"urlTemplate\":\"https:\\\/\\\/blogs.elca.org\\\/advocacy\\\/?s={search_term_string}\"},\"query-input\":{\"@type\":\"PropertyValueSpecification\",\"valueRequired\":true,\"valueName\":\"search_term_string\"}}],\"inLanguage\":\"en-US\"},{\"@type\":\"Person\",\"@id\":\"https:\\\/\\\/blogs.elca.org\\\/advocacy\\\/#\\\/schema\\\/person\\\/2dacd1242746fa74ac702ca55584111f\",\"name\":\"ELCA Advocacy\",\"image\":{\"@type\":\"ImageObject\",\"inLanguage\":\"en-US\",\"@id\":\"https:\\\/\\\/secure.gravatar.com\\\/avatar\\\/e79c5a869145d17caa8f1699aab27bc252847809d938563b72b43641f1b416f1?s=96&d=mm&r=g\",\"url\":\"https:\\\/\\\/secure.gravatar.com\\\/avatar\\\/e79c5a869145d17caa8f1699aab27bc252847809d938563b72b43641f1b416f1?s=96&d=mm&r=g\",\"contentUrl\":\"https:\\\/\\\/secure.gravatar.com\\\/avatar\\\/e79c5a869145d17caa8f1699aab27bc252847809d938563b72b43641f1b416f1?s=96&d=mm&r=g\",\"caption\":\"ELCA Advocacy\"},\"url\":\"https:\\\/\\\/blogs.elca.org\\\/advocacy\\\/author\\\/abbigailhull\\\/\"}]}<\/script>\n<!-- \/ Yoast SEO plugin. -->","yoast_head_json":{"title":"Compromiso con la creaci\u00f3n y l@s Vecin@ en este momento [en espa\u00f1ol] - ELCA Advocacy","robots":{"index":"index","follow":"follow","max-snippet":"max-snippet:-1","max-image-preview":"max-image-preview:large","max-video-preview":"max-video-preview:-1"},"canonical":"https:\/\/blogs.elca.org\/advocacy\/compromiso-con-la-creacion-y-ls-vecin-en-este-momento-en-espanol\/","og_locale":"en_US","og_type":"article","og_title":"Compromiso con la creaci\u00f3n y l@s Vecin@ en este momento [en espa\u00f1ol] - ELCA Advocacy","og_description":"&nbsp; -por la Rev. Amy E. Reumann, Directora de defensa de ELCA &nbsp; Oh Dios, nuestra ayuda en \u00e9pocas pasadas, nuestra esperanza en los a\u00f1os venideros, Nuestro refugio en la r\u00e1faga de tempestad, y nuestro hogar eterno. ELW 632, stanza 1 [Adoraci\u00f3n Evang\u00e9lica Luterana 632, primera estrofa] 705pm &nbsp; A mediados de 2018, el Grupo [&hellip;]","og_url":"https:\/\/blogs.elca.org\/advocacy\/compromiso-con-la-creacion-y-ls-vecin-en-este-momento-en-espanol\/","og_site_name":"ELCA Advocacy","article_published_time":"2019-04-29T15:15:07+00:00","og_image":[{"width":200,"height":150,"url":"https:\/\/blogs.elca.org\/advocacy\/wp-content\/uploads\/sites\/41\/2019\/04\/Advocacy-Covening-Baptism-Fount.jpg","type":"image\/jpeg"}],"author":"ELCA Advocacy","twitter_card":"summary_large_image","twitter_misc":{"Written by":"ELCA Advocacy","Est. reading time":"3 minutes"},"schema":{"@context":"https:\/\/schema.org","@graph":[{"@type":"Article","@id":"https:\/\/blogs.elca.org\/advocacy\/compromiso-con-la-creacion-y-ls-vecin-en-este-momento-en-espanol\/#article","isPartOf":{"@id":"https:\/\/blogs.elca.org\/advocacy\/compromiso-con-la-creacion-y-ls-vecin-en-este-momento-en-espanol\/"},"author":{"name":"ELCA Advocacy","@id":"https:\/\/blogs.elca.org\/advocacy\/#\/schema\/person\/2dacd1242746fa74ac702ca55584111f"},"headline":"Compromiso con la creaci\u00f3n y l@s Vecin@ en este momento [en espa\u00f1ol]","datePublished":"2019-04-29T15:15:07+00:00","mainEntityOfPage":{"@id":"https:\/\/blogs.elca.org\/advocacy\/compromiso-con-la-creacion-y-ls-vecin-en-este-momento-en-espanol\/"},"wordCount":588,"image":{"@id":"https:\/\/blogs.elca.org\/advocacy\/compromiso-con-la-creacion-y-ls-vecin-en-este-momento-en-espanol\/#primaryimage"},"thumbnailUrl":"https:\/\/blogs.elca.org\/wp-content\/uploads\/sites\/41\/2019\/04\/Advocacy-Covening-Baptism-Fount.jpg","articleSection":["Post"],"inLanguage":"en-US"},{"@type":"WebPage","@id":"https:\/\/blogs.elca.org\/advocacy\/compromiso-con-la-creacion-y-ls-vecin-en-este-momento-en-espanol\/","url":"https:\/\/blogs.elca.org\/advocacy\/compromiso-con-la-creacion-y-ls-vecin-en-este-momento-en-espanol\/","name":"Compromiso con la creaci\u00f3n y l@s Vecin@ en este momento [en espa\u00f1ol] - ELCA Advocacy","isPartOf":{"@id":"https:\/\/blogs.elca.org\/advocacy\/#website"},"primaryImageOfPage":{"@id":"https:\/\/blogs.elca.org\/advocacy\/compromiso-con-la-creacion-y-ls-vecin-en-este-momento-en-espanol\/#primaryimage"},"image":{"@id":"https:\/\/blogs.elca.org\/advocacy\/compromiso-con-la-creacion-y-ls-vecin-en-este-momento-en-espanol\/#primaryimage"},"thumbnailUrl":"https:\/\/blogs.elca.org\/wp-content\/uploads\/sites\/41\/2019\/04\/Advocacy-Covening-Baptism-Fount.jpg","datePublished":"2019-04-29T15:15:07+00:00","author":{"@id":"https:\/\/blogs.elca.org\/advocacy\/#\/schema\/person\/2dacd1242746fa74ac702ca55584111f"},"breadcrumb":{"@id":"https:\/\/blogs.elca.org\/advocacy\/compromiso-con-la-creacion-y-ls-vecin-en-este-momento-en-espanol\/#breadcrumb"},"inLanguage":"en-US","potentialAction":[{"@type":"ReadAction","target":["https:\/\/blogs.elca.org\/advocacy\/compromiso-con-la-creacion-y-ls-vecin-en-este-momento-en-espanol\/"]}]},{"@type":"ImageObject","inLanguage":"en-US","@id":"https:\/\/blogs.elca.org\/advocacy\/compromiso-con-la-creacion-y-ls-vecin-en-este-momento-en-espanol\/#primaryimage","url":"https:\/\/blogs.elca.org\/wp-content\/uploads\/sites\/41\/2019\/04\/Advocacy-Covening-Baptism-Fount.jpg","contentUrl":"https:\/\/blogs.elca.org\/wp-content\/uploads\/sites\/41\/2019\/04\/Advocacy-Covening-Baptism-Fount.jpg"},{"@type":"BreadcrumbList","@id":"https:\/\/blogs.elca.org\/advocacy\/compromiso-con-la-creacion-y-ls-vecin-en-este-momento-en-espanol\/#breadcrumb","itemListElement":[{"@type":"ListItem","position":1,"name":"Home","item":"https:\/\/blogs.elca.org\/advocacy\/"},{"@type":"ListItem","position":2,"name":"Compromiso con la creaci\u00f3n y l@s Vecin@ en este momento [en espa\u00f1ol]"}]},{"@type":"WebSite","@id":"https:\/\/blogs.elca.org\/advocacy\/#website","url":"https:\/\/blogs.elca.org\/advocacy\/","name":"ELCA Advocacy","description":"Advocacy ministries of the ELCA want to share stories and your voices about public policies and relevant advocacy issues that are of interest to you.","potentialAction":[{"@type":"SearchAction","target":{"@type":"EntryPoint","urlTemplate":"https:\/\/blogs.elca.org\/advocacy\/?s={search_term_string}"},"query-input":{"@type":"PropertyValueSpecification","valueRequired":true,"valueName":"search_term_string"}}],"inLanguage":"en-US"},{"@type":"Person","@id":"https:\/\/blogs.elca.org\/advocacy\/#\/schema\/person\/2dacd1242746fa74ac702ca55584111f","name":"ELCA Advocacy","image":{"@type":"ImageObject","inLanguage":"en-US","@id":"https:\/\/secure.gravatar.com\/avatar\/e79c5a869145d17caa8f1699aab27bc252847809d938563b72b43641f1b416f1?s=96&d=mm&r=g","url":"https:\/\/secure.gravatar.com\/avatar\/e79c5a869145d17caa8f1699aab27bc252847809d938563b72b43641f1b416f1?s=96&d=mm&r=g","contentUrl":"https:\/\/secure.gravatar.com\/avatar\/e79c5a869145d17caa8f1699aab27bc252847809d938563b72b43641f1b416f1?s=96&d=mm&r=g","caption":"ELCA Advocacy"},"url":"https:\/\/blogs.elca.org\/advocacy\/author\/abbigailhull\/"}]}},"_links":{"self":[{"href":"https:\/\/blogs.elca.org\/advocacy\/wp-json\/wp\/v2\/posts\/3763","targetHints":{"allow":["GET"]}}],"collection":[{"href":"https:\/\/blogs.elca.org\/advocacy\/wp-json\/wp\/v2\/posts"}],"about":[{"href":"https:\/\/blogs.elca.org\/advocacy\/wp-json\/wp\/v2\/types\/post"}],"author":[{"embeddable":true,"href":"https:\/\/blogs.elca.org\/advocacy\/wp-json\/wp\/v2\/users\/255"}],"replies":[{"embeddable":true,"href":"https:\/\/blogs.elca.org\/advocacy\/wp-json\/wp\/v2\/comments?post=3763"}],"version-history":[{"count":12,"href":"https:\/\/blogs.elca.org\/advocacy\/wp-json\/wp\/v2\/posts\/3763\/revisions"}],"predecessor-version":[{"id":3784,"href":"https:\/\/blogs.elca.org\/advocacy\/wp-json\/wp\/v2\/posts\/3763\/revisions\/3784"}],"wp:attachment":[{"href":"https:\/\/blogs.elca.org\/advocacy\/wp-json\/wp\/v2\/media?parent=3763"}],"wp:term":[{"taxonomy":"category","embeddable":true,"href":"https:\/\/blogs.elca.org\/advocacy\/wp-json\/wp\/v2\/categories?post=3763"},{"taxonomy":"post_tag","embeddable":true,"href":"https:\/\/blogs.elca.org\/advocacy\/wp-json\/wp\/v2\/tags?post=3763"}],"curies":[{"name":"wp","href":"https:\/\/api.w.org\/{rel}","templated":true}]}}