{"id":1652,"date":"2016-11-10T11:29:29","date_gmt":"2016-11-10T17:29:29","guid":{"rendered":"http:\/\/blogs.elca.org\/advocacy\/?p=1652"},"modified":"2016-11-10T11:29:29","modified_gmt":"2016-11-10T17:29:29","slug":"understanding-migrant-experiences-international-human-rights-observation-mission-guatemala-mexico-border","status":"publish","type":"post","link":"https:\/\/blogs.elca.org\/advocacy\/understanding-migrant-experiences-international-human-rights-observation-mission-guatemala-mexico-border\/","title":{"rendered":"Understanding migrant experiences: The International Human Rights Observation Mission in the Guatemala &#8211; Mexico Border"},"content":{"rendered":"<p><a href=\"https:\/\/blogs.elca.org\/wp-content\/uploads\/sites\/41\/2016\/11\/Bp-Allende.jpg\"><img loading=\"lazy\" decoding=\"async\" class=\"size-thumbnail wp-image-1664 alignleft\" src=\"https:\/\/blogs.elca.org\/wp-content\/uploads\/sites\/41\/2016\/11\/Bp-Allende-150x150.jpg\" alt=\"bp-allende\" width=\"150\" height=\"150\" \/><\/a><em><strong><a href=\"https:\/\/blogs.elca.org\/wp-content\/uploads\/sites\/41\/2015\/12\/Alaide-photo.jpg\"><img loading=\"lazy\" decoding=\"async\" class=\"size-thumbnail wp-image-1109 alignleft\" src=\"https:\/\/blogs.elca.org\/wp-content\/uploads\/sites\/41\/2015\/12\/Alaide-photo-150x150.jpg\" alt=\"Alaide photo\" width=\"150\" height=\"150\" \/><\/a><\/strong><\/em>As part of the ELCA&#8217;s AMMPARO initiative, The Rev. Abraham Allende, bishop of the Northeastern Ohio Synod, and Alaide Vilchis Ibarra, ELCA assistant director for migration policy, will travel to the Mexico\/Guatemala border to participate in the International Human Rights Observation Mission. The event is hosted by a network of organizations that together form the Transnational Roundtable on Gender and Migration (Mesa Transfronteriza Migraciones y G\u00e9nero).<\/p>\n<p>This observation mission brings together stakeholders of varied expertise to meet with civil society, community leaders and with individuals\u00a0from the Mexico\/Guatemala border to better understand the issues facing migrants, refugees and border communities. Bishop Allende and Alaide will be joined by other leaders from the U.S., Latin America, Canada and Europe. What they learn during this trip will inform advocacy priorities for the ELCA&#8217;s AMMPARO strategy.<\/p>\n<h4><strong><span class=\"short_text\" lang=\"es\"><span class=\"\">Please <\/span><\/span>check back on this blog throughout the event for updates on their time in Mexico and Guatemala!<\/strong><\/h4>\n<hr \/>\n<p style=\"text-align: right\"><em><strong><span class=\"short_text\" lang=\"es\"><span class=\"\">(Vea abajo este mensaje en espa\u00f1ol.)<\/span><\/span><\/strong><\/em><\/p>\n<h3 style=\"text-align: center\">PRESS RELEASE<\/h3>\n<h4 style=\"text-align: center\">Transnational Roundtable on Gender and Migration<\/h4>\n<h4 style=\"text-align: center\">Guatemala and Mexico, October 26, 2016<\/h4>\n<p>The <strong>Transnational Roundtable on Gender and Migration (Mesa Transfronteriza Migraciones y G\u00e9nero)<\/strong>, a network of organizations in Guatemala and Mexico, dedicated to the defense and promotion of the rights of border communities, announces the beginning of the <strong>International Human Rights Observation Mission in the Guatemala &#8211; Mexico Border<\/strong> (MODH, its acronym in Spanish) that will take place from the 10 to the 16 of this month of November.<\/p>\n<p>The MODH was born from multiple spaces between organizations on both sides of the border, where we have been talking and slowly weaving this social and civic alliance between the peoples of Guatemala and southern Mexico to make our walk visible, the causes that unite us in the defense of human rights and the struggles we share in <strong>defense of territories, gender issues and migrations<\/strong>.<\/p>\n<p>As organizations, movements and peoples of the cross-border region, we have been spinning and strengthening our fraternal ties, where we have reflected on the situation and the contexts in which we live and fight, and now with the International Observation Mission we want to share the causes that we defend and the utopias that we construct from our regions and our fields of action.<\/p>\n<p><strong>The MODH will start in Guatemala City next November 10, and from there will be two observation routes<\/strong> of about a thousand kilometers of each, through which we will share our stories, passing through the jungles, Mountains and coasts of the border departments of Guatemala, and the migratory corridors of southern Mexico in Chiapas and Tabasco.<\/p>\n<p>We share the list of people <strong>confirmed as Observers of the Mission<\/strong>, who have taken part in this local-regional-global project and <strong>come from countries such as Brazil, Canada, Colombia, Ecuador, El Salvador, Spain, the United States, Guatemala, Honduras and Mexico<\/strong>, all of whom are persons with extensive experience in migration and human rights.<\/p>\n<p>The people that integrate each of the routes will gather with border communities from November 10<sup>th<\/sup> \u00a0to the 15th, the day on which both routes arrive in San Cristobal de las Casas, Chiapas. In this city all will all observers will gather and the analysis from all experts will be brought together in <strong>public actions being carried out in San Cristobal on November 16 to close the MODH.<\/strong><\/p>\n<p>We encourage all individuals, communities and organizations in Guatemala and Mexico to join in this direct action, to follow-up and disseminate its contents and results, as a way of defending human rights and calling for a paradigm shift for this region of Latin America.<\/p>\n<p><strong>More information: Follow events on <a href=\"https:\/\/www.facebook.com\/modh2016\/\">Facebook<\/a> and <a href=\"https:\/\/twitter.com\/modh2016\">Twitter<\/a><br \/>\n<\/strong><\/p>\n<p><a href=\"http:\/\/www.modh.mesatransfronteriza.org\/\">www.modh.mesatransfronteriza.org<\/a><\/p>\n<p><strong>Contact: <\/strong>mision.odh@gmail.com<\/p>\n<hr \/>\n<h3 class=\"font_8\" style=\"text-align: center\">COMUNICADO<\/h3>\n<h4 class=\"font_8\" style=\"text-align: center\">Mesa Transfronteriza Migraciones y G\u00e9nero<\/h4>\n<h4 class=\"font_8\" style=\"text-align: center\">Misi\u00f3n Internacional de Observaci\u00f3n de Derechos Humanos en la Frontera Guatemala \u2013 M\u00e9xico<\/h4>\n<h4 class=\"font_8\" style=\"text-align: center\">Guatemala y M\u00e9xico, 26 de octubre de 2016<\/h4>\n<p class=\"font_8\">La Mesa Transfronteriza Migraciones y G\u00e9nero, red de organizaciones de Guatemala y M\u00e9xico, dedicada a la defensa y promoci\u00f3n de los derechos de las poblaciones fronterizas, anuncia el inicio de la Misi\u00f3n Internacional de Observaci\u00f3n de Derechos Humanos en la Frontera Guatemala \u2013 M\u00e9xico, (MODH) que tendr\u00e1 lugar del 10 al 16 de este mes de noviembre.<\/p>\n<p class=\"font_8\">La MODH nace de m\u00faltiples espacios de encuentro entre organizaciones de ambos lados de la frontera, donde hemos ido dialogando y tejiendo poco a poco esta alianza social y ciudadana entre pueblos de Guatemala y el sur de M\u00e9xico para visibilizar nuestro caminar, las causas que nos unen en la defensa de los derechos humanos y las luchas que compartimos en defensa de los territorios, los g\u00e9neros y las migraciones.<\/p>\n<p class=\"font_8\">Como organizaciones, movimientos y pueblos de la regi\u00f3n transfronteriza, hemos ido hilando y reforzando nuestros v\u00ednculos fraternos, donde hemos reflexionado sobre la situaci\u00f3n y los contextos en los que vivimos y luchamos, y ahora con la Misi\u00f3n Internacional de Observaci\u00f3n queremos compartir las causas que defendemos y las utop\u00edas que construimos desde nuestras regiones y nuestros campos de acci\u00f3n.<\/p>\n<p class=\"font_8\">La MODH tendr\u00e1 su punto de partida en la Ciudad de Guatemala el pr\u00f3ximo 10 de noviembre, y desde ah\u00ed se abren dos rutas de observaci\u00f3n de alrededor de mil kil\u00f3metros de trayecto en cada una, por las que recorreremos nuestros di\u00e1logos, pasando por las selvas, monta\u00f1as y costas de los departamentos fronterizos de Guatemala, y los corredores migratorios del sur de M\u00e9xico en Chiapas y Tabasco.<\/p>\n<p class=\"font_8\">Les compartimos la lista de las personas confirmadas como Observadoras de la Misi\u00f3n, quienes han asumido participar de este proyecto local-regional-global y que provienen de pa\u00edses como Brasil, Canad\u00e1, Colombia, Ecuador, El Salvador, Espa\u00f1a, Estados Unidos,\u00a0 Guatemala, Honduras y M\u00e9xico, siendo todos y todas ellas personas con amplia experiencia en migraciones y derechos humanos.<\/p>\n<p class=\"font_8\">Las personas que integran cada una de las rutas convivir\u00e1n con las comunidades fronterizas desde el 10 hasta el 15 de noviembre, d\u00eda en el que ambas rutas llegan a San Crist\u00f3bal de las Casas, Chiapas. En esta ciudad se convocar\u00e1 el encuentro de todas las personas observadoras y el an\u00e1lisis conjunto de todo lo observado, realiz\u00e1ndose acciones p\u00fablicas en San Crist\u00f3bal el 16 de noviembre para el cierre de la MODH.<\/p>\n<p class=\"font_8\">Animamos a todas las personas, comunidades y organizaciones de Guatemala y M\u00e9xico a sumarse a esta acci\u00f3n directa, a darle seguimiento y a difundir sus contenidos y resultados, como una forma de defensa de los derechos humanos y reivindicaci\u00f3n de un cambio de paradigma para esta regi\u00f3n de Latinoam\u00e9rica.<\/p>\n<p class=\"font_8\"><strong>M\u00e1s informaci\u00f3n:<\/strong> <a href=\"http:\/\/www.modh.mesatransfronteriza.org\/\">www.modh.mesatransfronteriza.org<\/a><\/p>\n<p class=\"font_8\"><a href=\"https:\/\/www.facebook.com\/modh2016\/\">Facebook<\/a>\u00a0\u00a0\u00a0 <a href=\"https:\/\/twitter.com\/modh2016\">Twitter<\/a><\/p>\n<p class=\"font_8\">mision.odh@gmail.com<\/p>\n","protected":false},"excerpt":{"rendered":"<p>As part of the ELCA&#8217;s AMMPARO initiative, The Rev. Abraham Allende, bishop of the Northeastern Ohio Synod, and Alaide Vilchis Ibarra, ELCA assistant director for migration policy, will travel to the Mexico\/Guatemala border to participate in the International Human Rights Observation Mission. The event is hosted by a network of organizations that together form the [&hellip;]<\/p>\n","protected":false},"author":218,"featured_media":0,"comment_status":"closed","ping_status":"closed","sticky":false,"template":"","format":"standard","meta":{"_acf_changed":false,"footnotes":""},"categories":[1400],"tags":[],"class_list":["post-1652","post","type-post","status-publish","format-standard","hentry","category-post"],"acf":[],"yoast_head":"<!-- This site is optimized with the Yoast SEO plugin v28.4 - https:\/\/yoast.com\/product\/yoast-seo-wordpress\/ -->\n<title>Understanding migrant experiences: The International Human Rights Observation Mission in the Guatemala - Mexico Border - ELCA Advocacy<\/title>\n<meta name=\"robots\" content=\"index, follow, max-snippet:-1, max-image-preview:large, max-video-preview:-1\" \/>\n<link rel=\"canonical\" href=\"https:\/\/blogs.elca.org\/advocacy\/understanding-migrant-experiences-international-human-rights-observation-mission-guatemala-mexico-border\/\" \/>\n<meta property=\"og:locale\" content=\"en_US\" \/>\n<meta property=\"og:type\" content=\"article\" \/>\n<meta property=\"og:title\" content=\"Understanding migrant experiences: The International Human Rights Observation Mission in the Guatemala - Mexico Border - ELCA Advocacy\" \/>\n<meta property=\"og:description\" content=\"As part of the ELCA&#8217;s AMMPARO initiative, The Rev. Abraham Allende, bishop of the Northeastern Ohio Synod, and Alaide Vilchis Ibarra, ELCA assistant director for migration policy, will travel to the Mexico\/Guatemala border to participate in the International Human Rights Observation Mission. The event is hosted by a network of organizations that together form the [&hellip;]\" \/>\n<meta property=\"og:url\" content=\"https:\/\/blogs.elca.org\/advocacy\/understanding-migrant-experiences-international-human-rights-observation-mission-guatemala-mexico-border\/\" \/>\n<meta property=\"og:site_name\" content=\"ELCA Advocacy\" \/>\n<meta property=\"article:published_time\" content=\"2016-11-10T17:29:29+00:00\" \/>\n<meta property=\"og:image\" content=\"https:\/\/blogs.elca.org\/wp-content\/uploads\/sites\/41\/2016\/11\/Bp-Allende-150x150.jpg\" \/>\n<meta name=\"author\" content=\"ELCA Advocacy\" \/>\n<meta name=\"twitter:card\" content=\"summary_large_image\" \/>\n<meta name=\"twitter:label1\" content=\"Written by\" \/>\n\t<meta name=\"twitter:data1\" content=\"ELCA Advocacy\" \/>\n\t<meta name=\"twitter:label2\" content=\"Est. reading time\" \/>\n\t<meta name=\"twitter:data2\" content=\"6 minutes\" \/>\n<script type=\"application\/ld+json\" class=\"yoast-schema-graph\">{\"@context\":\"https:\\\/\\\/schema.org\",\"@graph\":[{\"@type\":\"Article\",\"@id\":\"https:\\\/\\\/blogs.elca.org\\\/advocacy\\\/understanding-migrant-experiences-international-human-rights-observation-mission-guatemala-mexico-border\\\/#article\",\"isPartOf\":{\"@id\":\"https:\\\/\\\/blogs.elca.org\\\/advocacy\\\/understanding-migrant-experiences-international-human-rights-observation-mission-guatemala-mexico-border\\\/\"},\"author\":{\"name\":\"ELCA Advocacy\",\"@id\":\"https:\\\/\\\/blogs.elca.org\\\/advocacy\\\/#\\\/schema\\\/person\\\/a6a2854224619a08d553b3c9a47811c2\"},\"headline\":\"Understanding migrant experiences: The International Human Rights Observation Mission in the Guatemala &#8211; Mexico Border\",\"datePublished\":\"2016-11-10T17:29:29+00:00\",\"mainEntityOfPage\":{\"@id\":\"https:\\\/\\\/blogs.elca.org\\\/advocacy\\\/understanding-migrant-experiences-international-human-rights-observation-mission-guatemala-mexico-border\\\/\"},\"wordCount\":1125,\"image\":{\"@id\":\"https:\\\/\\\/blogs.elca.org\\\/advocacy\\\/understanding-migrant-experiences-international-human-rights-observation-mission-guatemala-mexico-border\\\/#primaryimage\"},\"thumbnailUrl\":\"https:\\\/\\\/blogs.elca.org\\\/wp-content\\\/uploads\\\/sites\\\/41\\\/2016\\\/11\\\/Bp-Allende-150x150.jpg\",\"articleSection\":[\"Post\"],\"inLanguage\":\"en-US\"},{\"@type\":\"WebPage\",\"@id\":\"https:\\\/\\\/blogs.elca.org\\\/advocacy\\\/understanding-migrant-experiences-international-human-rights-observation-mission-guatemala-mexico-border\\\/\",\"url\":\"https:\\\/\\\/blogs.elca.org\\\/advocacy\\\/understanding-migrant-experiences-international-human-rights-observation-mission-guatemala-mexico-border\\\/\",\"name\":\"Understanding migrant experiences: The International Human Rights Observation Mission in the Guatemala - Mexico Border - ELCA Advocacy\",\"isPartOf\":{\"@id\":\"https:\\\/\\\/blogs.elca.org\\\/advocacy\\\/#website\"},\"primaryImageOfPage\":{\"@id\":\"https:\\\/\\\/blogs.elca.org\\\/advocacy\\\/understanding-migrant-experiences-international-human-rights-observation-mission-guatemala-mexico-border\\\/#primaryimage\"},\"image\":{\"@id\":\"https:\\\/\\\/blogs.elca.org\\\/advocacy\\\/understanding-migrant-experiences-international-human-rights-observation-mission-guatemala-mexico-border\\\/#primaryimage\"},\"thumbnailUrl\":\"https:\\\/\\\/blogs.elca.org\\\/wp-content\\\/uploads\\\/sites\\\/41\\\/2016\\\/11\\\/Bp-Allende-150x150.jpg\",\"datePublished\":\"2016-11-10T17:29:29+00:00\",\"author\":{\"@id\":\"https:\\\/\\\/blogs.elca.org\\\/advocacy\\\/#\\\/schema\\\/person\\\/a6a2854224619a08d553b3c9a47811c2\"},\"breadcrumb\":{\"@id\":\"https:\\\/\\\/blogs.elca.org\\\/advocacy\\\/understanding-migrant-experiences-international-human-rights-observation-mission-guatemala-mexico-border\\\/#breadcrumb\"},\"inLanguage\":\"en-US\",\"potentialAction\":[{\"@type\":\"ReadAction\",\"target\":[\"https:\\\/\\\/blogs.elca.org\\\/advocacy\\\/understanding-migrant-experiences-international-human-rights-observation-mission-guatemala-mexico-border\\\/\"]}]},{\"@type\":\"ImageObject\",\"inLanguage\":\"en-US\",\"@id\":\"https:\\\/\\\/blogs.elca.org\\\/advocacy\\\/understanding-migrant-experiences-international-human-rights-observation-mission-guatemala-mexico-border\\\/#primaryimage\",\"url\":\"https:\\\/\\\/blogs.elca.org\\\/wp-content\\\/uploads\\\/sites\\\/41\\\/2016\\\/11\\\/Bp-Allende-150x150.jpg\",\"contentUrl\":\"https:\\\/\\\/blogs.elca.org\\\/wp-content\\\/uploads\\\/sites\\\/41\\\/2016\\\/11\\\/Bp-Allende-150x150.jpg\"},{\"@type\":\"BreadcrumbList\",\"@id\":\"https:\\\/\\\/blogs.elca.org\\\/advocacy\\\/understanding-migrant-experiences-international-human-rights-observation-mission-guatemala-mexico-border\\\/#breadcrumb\",\"itemListElement\":[{\"@type\":\"ListItem\",\"position\":1,\"name\":\"Home\",\"item\":\"https:\\\/\\\/blogs.elca.org\\\/advocacy\\\/\"},{\"@type\":\"ListItem\",\"position\":2,\"name\":\"Understanding migrant experiences: The International Human Rights Observation Mission in the Guatemala &#8211; Mexico Border\"}]},{\"@type\":\"WebSite\",\"@id\":\"https:\\\/\\\/blogs.elca.org\\\/advocacy\\\/#website\",\"url\":\"https:\\\/\\\/blogs.elca.org\\\/advocacy\\\/\",\"name\":\"ELCA Advocacy\",\"description\":\"Advocacy ministries of the ELCA want to share stories and your voices about public policies and relevant advocacy issues that are of interest to you.\",\"potentialAction\":[{\"@type\":\"SearchAction\",\"target\":{\"@type\":\"EntryPoint\",\"urlTemplate\":\"https:\\\/\\\/blogs.elca.org\\\/advocacy\\\/?s={search_term_string}\"},\"query-input\":{\"@type\":\"PropertyValueSpecification\",\"valueRequired\":true,\"valueName\":\"search_term_string\"}}],\"inLanguage\":\"en-US\"},{\"@type\":\"Person\",\"@id\":\"https:\\\/\\\/blogs.elca.org\\\/advocacy\\\/#\\\/schema\\\/person\\\/a6a2854224619a08d553b3c9a47811c2\",\"name\":\"ELCA Advocacy\",\"image\":{\"@type\":\"ImageObject\",\"inLanguage\":\"en-US\",\"@id\":\"https:\\\/\\\/secure.gravatar.com\\\/avatar\\\/b734e4ca03d5dcb0c64de82b2ad01be9448bc4f74f8be3186d40502f673a0de3?s=96&d=mm&r=g\",\"url\":\"https:\\\/\\\/secure.gravatar.com\\\/avatar\\\/b734e4ca03d5dcb0c64de82b2ad01be9448bc4f74f8be3186d40502f673a0de3?s=96&d=mm&r=g\",\"contentUrl\":\"https:\\\/\\\/secure.gravatar.com\\\/avatar\\\/b734e4ca03d5dcb0c64de82b2ad01be9448bc4f74f8be3186d40502f673a0de3?s=96&d=mm&r=g\",\"caption\":\"ELCA Advocacy\"},\"url\":\"https:\\\/\\\/blogs.elca.org\\\/advocacy\\\/author\\\/legacy-218\\\/\"}]}<\/script>\n<!-- \/ Yoast SEO plugin. -->","yoast_head_json":{"title":"Understanding migrant experiences: The International Human Rights Observation Mission in the Guatemala - Mexico Border - ELCA Advocacy","robots":{"index":"index","follow":"follow","max-snippet":"max-snippet:-1","max-image-preview":"max-image-preview:large","max-video-preview":"max-video-preview:-1"},"canonical":"https:\/\/blogs.elca.org\/advocacy\/understanding-migrant-experiences-international-human-rights-observation-mission-guatemala-mexico-border\/","og_locale":"en_US","og_type":"article","og_title":"Understanding migrant experiences: The International Human Rights Observation Mission in the Guatemala - Mexico Border - ELCA Advocacy","og_description":"As part of the ELCA&#8217;s AMMPARO initiative, The Rev. Abraham Allende, bishop of the Northeastern Ohio Synod, and Alaide Vilchis Ibarra, ELCA assistant director for migration policy, will travel to the Mexico\/Guatemala border to participate in the International Human Rights Observation Mission. The event is hosted by a network of organizations that together form the [&hellip;]","og_url":"https:\/\/blogs.elca.org\/advocacy\/understanding-migrant-experiences-international-human-rights-observation-mission-guatemala-mexico-border\/","og_site_name":"ELCA Advocacy","article_published_time":"2016-11-10T17:29:29+00:00","og_image":[{"url":"https:\/\/blogs.elca.org\/wp-content\/uploads\/sites\/41\/2016\/11\/Bp-Allende-150x150.jpg","type":"","width":"","height":""}],"author":"ELCA Advocacy","twitter_card":"summary_large_image","twitter_misc":{"Written by":"ELCA Advocacy","Est. reading time":"6 minutes"},"schema":{"@context":"https:\/\/schema.org","@graph":[{"@type":"Article","@id":"https:\/\/blogs.elca.org\/advocacy\/understanding-migrant-experiences-international-human-rights-observation-mission-guatemala-mexico-border\/#article","isPartOf":{"@id":"https:\/\/blogs.elca.org\/advocacy\/understanding-migrant-experiences-international-human-rights-observation-mission-guatemala-mexico-border\/"},"author":{"name":"ELCA Advocacy","@id":"https:\/\/blogs.elca.org\/advocacy\/#\/schema\/person\/a6a2854224619a08d553b3c9a47811c2"},"headline":"Understanding migrant experiences: The International Human Rights Observation Mission in the Guatemala &#8211; Mexico Border","datePublished":"2016-11-10T17:29:29+00:00","mainEntityOfPage":{"@id":"https:\/\/blogs.elca.org\/advocacy\/understanding-migrant-experiences-international-human-rights-observation-mission-guatemala-mexico-border\/"},"wordCount":1125,"image":{"@id":"https:\/\/blogs.elca.org\/advocacy\/understanding-migrant-experiences-international-human-rights-observation-mission-guatemala-mexico-border\/#primaryimage"},"thumbnailUrl":"https:\/\/blogs.elca.org\/wp-content\/uploads\/sites\/41\/2016\/11\/Bp-Allende-150x150.jpg","articleSection":["Post"],"inLanguage":"en-US"},{"@type":"WebPage","@id":"https:\/\/blogs.elca.org\/advocacy\/understanding-migrant-experiences-international-human-rights-observation-mission-guatemala-mexico-border\/","url":"https:\/\/blogs.elca.org\/advocacy\/understanding-migrant-experiences-international-human-rights-observation-mission-guatemala-mexico-border\/","name":"Understanding migrant experiences: The International Human Rights Observation Mission in the Guatemala - Mexico Border - ELCA Advocacy","isPartOf":{"@id":"https:\/\/blogs.elca.org\/advocacy\/#website"},"primaryImageOfPage":{"@id":"https:\/\/blogs.elca.org\/advocacy\/understanding-migrant-experiences-international-human-rights-observation-mission-guatemala-mexico-border\/#primaryimage"},"image":{"@id":"https:\/\/blogs.elca.org\/advocacy\/understanding-migrant-experiences-international-human-rights-observation-mission-guatemala-mexico-border\/#primaryimage"},"thumbnailUrl":"https:\/\/blogs.elca.org\/wp-content\/uploads\/sites\/41\/2016\/11\/Bp-Allende-150x150.jpg","datePublished":"2016-11-10T17:29:29+00:00","author":{"@id":"https:\/\/blogs.elca.org\/advocacy\/#\/schema\/person\/a6a2854224619a08d553b3c9a47811c2"},"breadcrumb":{"@id":"https:\/\/blogs.elca.org\/advocacy\/understanding-migrant-experiences-international-human-rights-observation-mission-guatemala-mexico-border\/#breadcrumb"},"inLanguage":"en-US","potentialAction":[{"@type":"ReadAction","target":["https:\/\/blogs.elca.org\/advocacy\/understanding-migrant-experiences-international-human-rights-observation-mission-guatemala-mexico-border\/"]}]},{"@type":"ImageObject","inLanguage":"en-US","@id":"https:\/\/blogs.elca.org\/advocacy\/understanding-migrant-experiences-international-human-rights-observation-mission-guatemala-mexico-border\/#primaryimage","url":"https:\/\/blogs.elca.org\/wp-content\/uploads\/sites\/41\/2016\/11\/Bp-Allende-150x150.jpg","contentUrl":"https:\/\/blogs.elca.org\/wp-content\/uploads\/sites\/41\/2016\/11\/Bp-Allende-150x150.jpg"},{"@type":"BreadcrumbList","@id":"https:\/\/blogs.elca.org\/advocacy\/understanding-migrant-experiences-international-human-rights-observation-mission-guatemala-mexico-border\/#breadcrumb","itemListElement":[{"@type":"ListItem","position":1,"name":"Home","item":"https:\/\/blogs.elca.org\/advocacy\/"},{"@type":"ListItem","position":2,"name":"Understanding migrant experiences: The International Human Rights Observation Mission in the Guatemala &#8211; Mexico Border"}]},{"@type":"WebSite","@id":"https:\/\/blogs.elca.org\/advocacy\/#website","url":"https:\/\/blogs.elca.org\/advocacy\/","name":"ELCA Advocacy","description":"Advocacy ministries of the ELCA want to share stories and your voices about public policies and relevant advocacy issues that are of interest to you.","potentialAction":[{"@type":"SearchAction","target":{"@type":"EntryPoint","urlTemplate":"https:\/\/blogs.elca.org\/advocacy\/?s={search_term_string}"},"query-input":{"@type":"PropertyValueSpecification","valueRequired":true,"valueName":"search_term_string"}}],"inLanguage":"en-US"},{"@type":"Person","@id":"https:\/\/blogs.elca.org\/advocacy\/#\/schema\/person\/a6a2854224619a08d553b3c9a47811c2","name":"ELCA Advocacy","image":{"@type":"ImageObject","inLanguage":"en-US","@id":"https:\/\/secure.gravatar.com\/avatar\/b734e4ca03d5dcb0c64de82b2ad01be9448bc4f74f8be3186d40502f673a0de3?s=96&d=mm&r=g","url":"https:\/\/secure.gravatar.com\/avatar\/b734e4ca03d5dcb0c64de82b2ad01be9448bc4f74f8be3186d40502f673a0de3?s=96&d=mm&r=g","contentUrl":"https:\/\/secure.gravatar.com\/avatar\/b734e4ca03d5dcb0c64de82b2ad01be9448bc4f74f8be3186d40502f673a0de3?s=96&d=mm&r=g","caption":"ELCA Advocacy"},"url":"https:\/\/blogs.elca.org\/advocacy\/author\/legacy-218\/"}]}},"_links":{"self":[{"href":"https:\/\/blogs.elca.org\/advocacy\/wp-json\/wp\/v2\/posts\/1652","targetHints":{"allow":["GET"]}}],"collection":[{"href":"https:\/\/blogs.elca.org\/advocacy\/wp-json\/wp\/v2\/posts"}],"about":[{"href":"https:\/\/blogs.elca.org\/advocacy\/wp-json\/wp\/v2\/types\/post"}],"author":[{"embeddable":true,"href":"https:\/\/blogs.elca.org\/advocacy\/wp-json\/wp\/v2\/users\/218"}],"replies":[{"embeddable":true,"href":"https:\/\/blogs.elca.org\/advocacy\/wp-json\/wp\/v2\/comments?post=1652"}],"version-history":[{"count":26,"href":"https:\/\/blogs.elca.org\/advocacy\/wp-json\/wp\/v2\/posts\/1652\/revisions"}],"predecessor-version":[{"id":1679,"href":"https:\/\/blogs.elca.org\/advocacy\/wp-json\/wp\/v2\/posts\/1652\/revisions\/1679"}],"wp:attachment":[{"href":"https:\/\/blogs.elca.org\/advocacy\/wp-json\/wp\/v2\/media?parent=1652"}],"wp:term":[{"taxonomy":"category","embeddable":true,"href":"https:\/\/blogs.elca.org\/advocacy\/wp-json\/wp\/v2\/categories?post=1652"},{"taxonomy":"post_tag","embeddable":true,"href":"https:\/\/blogs.elca.org\/advocacy\/wp-json\/wp\/v2\/tags?post=1652"}],"curies":[{"name":"wp","href":"https:\/\/api.w.org\/{rel}","templated":true}]}}