{"id":1156,"date":"2016-01-11T15:44:43","date_gmt":"2016-01-11T21:44:43","guid":{"rendered":"http:\/\/blogs.elca.org\/advocacy\/?p=1156"},"modified":"2016-05-13T15:27:21","modified_gmt":"2016-05-13T20:27:21","slug":"respondiendo-con-fe-a-las-persecuciones-de-familias-centroamericanas-para-su-deportacion","status":"publish","type":"post","link":"https:\/\/blogs.elca.org\/advocacy\/respondiendo-con-fe-a-las-persecuciones-de-familias-centroamericanas-para-su-deportacion\/","title":{"rendered":"Respondiendo con fe a las persecuciones de familias Centroamericanas para su deportaci\u00f3n"},"content":{"rendered":"<p><strong>ACTUALIZACION: El Departamento de Seguridad Nacional (DHS, por sus siglas en ingles) ha continuado a priorizar a ni\u00f1os(as) y familias para deportarlos(as) desde enero. Ayer, El Servicio de Inmigraci\u00f3n y Control de Aduanas de Estados Unidos anuncio que planean fortalecer los esfuerzos para detener y deportar a ni\u00f1os(as) y familias vulnerables en mayo y junio. Aunque m\u00e1s informaci\u00f3n no ha sido publicada, como iglesia, continuamos solidariz\u00e1ndonos con iglesias y organizaciones a las cuales acompa\u00f1amos para proteger a ni\u00f1os(as), familias y todas las comunidades vulnerables en Centroam\u00e9rica.<\/strong><\/p>\n<hr \/>\n<p>Escrito por Alaide Vilchis Ibarra, Subdirectora de Incidencia Pol\u00edtica<\/p>\n<p>Este mes, el Departamento de Seguridad Nacional (DHS, por sus siglas en Ingles) comenz\u00f3 operaciones para buscar y deportar a familias Centroamericanas que llegaron a EE.UU. despu\u00e9s del 1\u00ba de Enero del 2014. Sabemos que por lo menos 121 individuos fueron detenidos en la primera semana y se han reportado instancias en las que <a href=\"http:\/\/www.latimes.com\/nation\/immigration\/la-na-ff-immigration-raids-20160103-story.html\">ni\u00f1os(as) han sido sacados(as) de sus casas a medianoche<\/a>.<\/p>\n<p><strong>Como iglesia basada en el mandato b\u00edblico de respetar la dignidad humana de todas las creaturas de Dios, estamos fuertemente en contra de priorizar a ni\u00f1os vulnerables y sus madres para su deportaci\u00f3n. Estas t\u00e1cticas no honran nuestro llamado como comunidad de fe a amarnos el uno al otro ni respeta la dignidad de nuestro pr\u00f3jimo.<\/strong><\/p>\n<p>Adem\u00e1s, nos unimos a Lutheran Immigration and Refugee Service (LIRS) declarando nuestra <a href=\"http:\/\/blog.lirs.org\/dhs-announces-large-scale-deportation-plan-of-central-american-families\/\">preocupaci\u00f3n por asegurar el acceso verdadero a la justicia<\/a> para estas familias en EE.UU. quienes tienen que navegar un sistema legal complejo, muchas veces sin el apoyo necesario. Este Diciembre, nuestra propia Obispa Presidenta, la Reverenda Elizabeth Eaton, <a href=\"http:\/\/www.elca.org\/News-and-Events\/7808\">fue testigo de la incertidumbre y el estr\u00e9s que ni\u00f1os y familias enfrentan en la corte de inmigraci\u00f3n en Chicago<\/a>.<\/p>\n<p>La ELCA vive la llamada de Dios de mandarnos al mundo acompa\u00f1ando a ni\u00f1os, ni\u00f1as y familias deslazados(as) en EE.UU. y en Centroam\u00e9rica a trav\u00e9s de nuestras <a href=\"https:\/\/www.elca.org\/Our-Work\/Global-Church\/Global-Mission\/Latin-America-and-the-Caribbean\">relaciones de compa\u00f1erismo con iglesias y compa\u00f1eros en fe<\/a>. A trav\u00e9s de estas relaciones, recibimos una perspectiva cr\u00edtica sobre las realidades que enfrentan ni\u00f1os y familias que son forzadas a salir de sus comunidades por la violencia (como trazamos en nuestro reporte, <a href=\"http:\/\/download.elca.org\/ELCA%20Resource%20Repository\/Our_Communities_in_Crisis_Central_America_Report.pdf?_ga=1.192655853.631325923.1417710930C:\\Users\\Alaide_Ibarra\\Documents\\CAMFP\">Nuestras Comunidades en Crisis<\/a>).<\/p>\n<p>Hoy, la violencia en los pa\u00edses a los cuales estos ni\u00f1os, ni\u00f1as y familias ser\u00e1n deportados continua siendo intolerablemente alta. El Salvador est\u00e1 enfrentando tasas de homicidios que no ha visto desde su guerra civil en los 80s. La Iglesia Luterana Salvadore\u00f1a ha reportado que ha visto hasta 30 familias siendo desplazadas de sus comunidades en solo unos d\u00edas. Honduras continua teniendo una de las tasas de homicidios m\u00e1s altas en el mundo, y en Guatemala, las Naciones Unidas reporta que dos mujeres son asesinadas cada d\u00eda.<\/p>\n<p><strong>Como iglesia con compa\u00f1eros en fe que trabajan con ni\u00f1os, ni\u00f1as y familias deportados en El Salvador y Honduras, sabemos que deportarlos no sirve para prevenir que salgan de sus comunidades. <\/strong><\/p>\n<p>En una declaraci\u00f3n por la <a href=\"http:\/\/casmcopan.weebly.com\/\">Comisi\u00f3n de Acci\u00f3n Social Menonita (CASM)<\/a>,una organizaci\u00f3n compa\u00f1era de la ELCA trabajando en un centro de repatriaci\u00f3n de ni\u00f1os y familias en Honduras, explica que \u201cdurante este proceso de recepci\u00f3n [de ni\u00f1os(as) y familias], hemos visto las dificultades que [la deportaci\u00f3n] ha significado para estas personas y sus familias, teniendo que regresar a la misma realidad de pobreza extrema, falta de oportunidades, violencia e inseguridad ciudadana que ha sido causa para emigrar fuera del Pa\u00eds.\u201d<\/p>\n<p>A trav\u00e9s de nuestras relaciones en Centroam\u00e9rica y porque somos una iglesia con ra\u00edces migrantes, seguiremos apoyando a nuestros compa\u00f1eros en la regi\u00f3n y en EE.UU. a trav\u00e9s de testimonio, acompa\u00f1amiento, rezo e incidencia pol\u00edtica.<\/p>\n<p>\u201cDebemos abogar con nuestros gobiernos y autoridades para el trato humano [de migrantes], y para [que se realice] una investigaci\u00f3n real en los casos que necesitan las personas ser aceptados como asilados, no por pol\u00edticos, si no,\u00a0 para la seguridad y protecci\u00f3n de sus vidas.\u201d Dijo el Obispo Medardo Gomez de la Iglesia Luterana Salvadore\u00f1a en una llamada a reconocer los derechos y vulnerabilidades de aquellos que salen de Centroam\u00e9rica hoy.<\/p>\n<p>Nuestro socio, Church World Service, sugiere que usen los recursos siguientes para responder a el tratamiento de familias Centroamericanas:<\/p>\n<p><strong>Conozca Sus Derechos<\/strong><\/p>\n<p>Si tiene v\u00ednculos con congregaciones encabezadas por migrantes, es muy importante que las comunidades migrantes entiendan sus derechos. La informaci\u00f3n m\u00e1s importante es NO LE HABRAN LA PUERTA a agentes de Inmigraci\u00f3n y Protecci\u00f3n de Fronteras (ICE) o a cualquier otra gente que no tenga una orden firmada por un juez.<\/p>\n<p><a href=\"http:\/\/signupgenius.us10.list-manage.com\/track\/click?u=46f55bd6914f18139b50c82c9&amp;id=75c072150b&amp;e=6da196b601\">AFSC- Know Your Rights- Conozca Sus Derechos<\/a><\/p>\n<p><a href=\"http:\/\/signupgenius.us10.list-manage1.com\/track\/click?u=46f55bd6914f18139b50c82c9&amp;id=0784d48961&amp;e=6da196b601\">United We DREAM Know Your Rights<\/a>\/Conozca Sus Derechos<\/p>\n<p><a href=\"http:\/\/173.236.53.234\/~nnirrorg\/drupal\/sites\/default\/files\/questionnaire_100_storiesfinal_0.pdf\">Gu\u00eda para compartir su historia de violaciones a sus derechos, redadas y deportaciones (En Ingles)<\/a><\/p>\n<p>Video- <a href=\"https:\/\/www.youtube.com\/watch?v=XC2NgdEgD94\">https:\/\/www.youtube.com\/watch?v=XC2NgdEgD94<\/a><\/p>\n<p><strong>Reporte cuando una redada est\u00e1 pasando:<\/strong><\/p>\n<p>HOTLINE: 1-844-363-1423<\/p>\n<p>MENSAJES DE TEXTO A: 877877<\/p>\n<p><strong>Hable a la Casa Blanca<\/strong><\/p>\n<p>La l\u00ednea de comentarios de la Casa Blanca: 1-888-907-2053<\/p>\n<p>\u201cSoy de Ciudad, Estado, Congregaci\u00f3n\/Comunidad y como persona de fe, le pido al Presidente Obama a que PARE inmediatamente planes de deportar a ni\u00f1os, ni\u00f1as y familias Centroamericanas. Estas personas est\u00e1n huyendo de la violencia y deben tener acceso a asistencia legal para que puedan solicitar asilo en Estados Unidos.\u201d<\/p>\n","protected":false},"excerpt":{"rendered":"<p>ACTUALIZACION: El Departamento de Seguridad Nacional (DHS, por sus siglas en ingles) ha continuado a priorizar a ni\u00f1os(as) y familias para deportarlos(as) desde enero. Ayer, El Servicio de Inmigraci\u00f3n y Control de Aduanas de Estados Unidos anuncio que planean fortalecer los esfuerzos para detener y deportar a ni\u00f1os(as) y familias vulnerables en mayo y junio. [&hellip;]<\/p>\n","protected":false},"author":219,"featured_media":0,"comment_status":"closed","ping_status":"closed","sticky":false,"template":"","format":"standard","meta":{"_acf_changed":false,"footnotes":""},"categories":[1400],"tags":[],"class_list":["post-1156","post","type-post","status-publish","format-standard","hentry","category-post"],"acf":[],"yoast_head":"<!-- This site is optimized with the Yoast SEO plugin v28.4 - https:\/\/yoast.com\/product\/yoast-seo-wordpress\/ -->\n<title>Respondiendo con fe a las persecuciones de familias Centroamericanas para su deportaci\u00f3n - ELCA Advocacy<\/title>\n<meta name=\"robots\" content=\"index, follow, max-snippet:-1, max-image-preview:large, max-video-preview:-1\" \/>\n<link rel=\"canonical\" href=\"https:\/\/blogs.elca.org\/advocacy\/respondiendo-con-fe-a-las-persecuciones-de-familias-centroamericanas-para-su-deportacion\/\" \/>\n<meta property=\"og:locale\" content=\"en_US\" \/>\n<meta property=\"og:type\" content=\"article\" \/>\n<meta property=\"og:title\" content=\"Respondiendo con fe a las persecuciones de familias Centroamericanas para su deportaci\u00f3n - ELCA Advocacy\" \/>\n<meta property=\"og:description\" content=\"ACTUALIZACION: El Departamento de Seguridad Nacional (DHS, por sus siglas en ingles) ha continuado a priorizar a ni\u00f1os(as) y familias para deportarlos(as) desde enero. Ayer, El Servicio de Inmigraci\u00f3n y Control de Aduanas de Estados Unidos anuncio que planean fortalecer los esfuerzos para detener y deportar a ni\u00f1os(as) y familias vulnerables en mayo y junio. [&hellip;]\" \/>\n<meta property=\"og:url\" content=\"https:\/\/blogs.elca.org\/advocacy\/respondiendo-con-fe-a-las-persecuciones-de-familias-centroamericanas-para-su-deportacion\/\" \/>\n<meta property=\"og:site_name\" content=\"ELCA Advocacy\" \/>\n<meta property=\"article:published_time\" content=\"2016-01-11T21:44:43+00:00\" \/>\n<meta property=\"article:modified_time\" content=\"2016-05-13T20:27:21+00:00\" \/>\n<meta name=\"author\" content=\"ELCA Advocacy\" \/>\n<meta name=\"twitter:card\" content=\"summary_large_image\" \/>\n<meta name=\"twitter:label1\" content=\"Written by\" \/>\n\t<meta name=\"twitter:data1\" content=\"ELCA Advocacy\" \/>\n\t<meta name=\"twitter:label2\" content=\"Est. reading time\" \/>\n\t<meta name=\"twitter:data2\" content=\"5 minutes\" \/>\n<script type=\"application\/ld+json\" class=\"yoast-schema-graph\">{\"@context\":\"https:\\\/\\\/schema.org\",\"@graph\":[{\"@type\":\"Article\",\"@id\":\"https:\\\/\\\/blogs.elca.org\\\/advocacy\\\/respondiendo-con-fe-a-las-persecuciones-de-familias-centroamericanas-para-su-deportacion\\\/#article\",\"isPartOf\":{\"@id\":\"https:\\\/\\\/blogs.elca.org\\\/advocacy\\\/respondiendo-con-fe-a-las-persecuciones-de-familias-centroamericanas-para-su-deportacion\\\/\"},\"author\":{\"name\":\"ELCA Advocacy\",\"@id\":\"https:\\\/\\\/blogs.elca.org\\\/advocacy\\\/#\\\/schema\\\/person\\\/ddd48c04c9a7a77e016ff3bd1e9f9f18\"},\"headline\":\"Respondiendo con fe a las persecuciones de familias Centroamericanas para su deportaci\u00f3n\",\"datePublished\":\"2016-01-11T21:44:43+00:00\",\"dateModified\":\"2016-05-13T20:27:21+00:00\",\"mainEntityOfPage\":{\"@id\":\"https:\\\/\\\/blogs.elca.org\\\/advocacy\\\/respondiendo-con-fe-a-las-persecuciones-de-familias-centroamericanas-para-su-deportacion\\\/\"},\"wordCount\":955,\"articleSection\":[\"Post\"],\"inLanguage\":\"en-US\"},{\"@type\":\"WebPage\",\"@id\":\"https:\\\/\\\/blogs.elca.org\\\/advocacy\\\/respondiendo-con-fe-a-las-persecuciones-de-familias-centroamericanas-para-su-deportacion\\\/\",\"url\":\"https:\\\/\\\/blogs.elca.org\\\/advocacy\\\/respondiendo-con-fe-a-las-persecuciones-de-familias-centroamericanas-para-su-deportacion\\\/\",\"name\":\"Respondiendo con fe a las persecuciones de familias Centroamericanas para su deportaci\u00f3n - ELCA Advocacy\",\"isPartOf\":{\"@id\":\"https:\\\/\\\/blogs.elca.org\\\/advocacy\\\/#website\"},\"datePublished\":\"2016-01-11T21:44:43+00:00\",\"dateModified\":\"2016-05-13T20:27:21+00:00\",\"author\":{\"@id\":\"https:\\\/\\\/blogs.elca.org\\\/advocacy\\\/#\\\/schema\\\/person\\\/ddd48c04c9a7a77e016ff3bd1e9f9f18\"},\"breadcrumb\":{\"@id\":\"https:\\\/\\\/blogs.elca.org\\\/advocacy\\\/respondiendo-con-fe-a-las-persecuciones-de-familias-centroamericanas-para-su-deportacion\\\/#breadcrumb\"},\"inLanguage\":\"en-US\",\"potentialAction\":[{\"@type\":\"ReadAction\",\"target\":[\"https:\\\/\\\/blogs.elca.org\\\/advocacy\\\/respondiendo-con-fe-a-las-persecuciones-de-familias-centroamericanas-para-su-deportacion\\\/\"]}]},{\"@type\":\"BreadcrumbList\",\"@id\":\"https:\\\/\\\/blogs.elca.org\\\/advocacy\\\/respondiendo-con-fe-a-las-persecuciones-de-familias-centroamericanas-para-su-deportacion\\\/#breadcrumb\",\"itemListElement\":[{\"@type\":\"ListItem\",\"position\":1,\"name\":\"Home\",\"item\":\"https:\\\/\\\/blogs.elca.org\\\/advocacy\\\/\"},{\"@type\":\"ListItem\",\"position\":2,\"name\":\"Respondiendo con fe a las persecuciones de familias Centroamericanas para su deportaci\u00f3n\"}]},{\"@type\":\"WebSite\",\"@id\":\"https:\\\/\\\/blogs.elca.org\\\/advocacy\\\/#website\",\"url\":\"https:\\\/\\\/blogs.elca.org\\\/advocacy\\\/\",\"name\":\"ELCA Advocacy\",\"description\":\"Advocacy ministries of the ELCA want to share stories and your voices about public policies and relevant advocacy issues that are of interest to you.\",\"potentialAction\":[{\"@type\":\"SearchAction\",\"target\":{\"@type\":\"EntryPoint\",\"urlTemplate\":\"https:\\\/\\\/blogs.elca.org\\\/advocacy\\\/?s={search_term_string}\"},\"query-input\":{\"@type\":\"PropertyValueSpecification\",\"valueRequired\":true,\"valueName\":\"search_term_string\"}}],\"inLanguage\":\"en-US\"},{\"@type\":\"Person\",\"@id\":\"https:\\\/\\\/blogs.elca.org\\\/advocacy\\\/#\\\/schema\\\/person\\\/ddd48c04c9a7a77e016ff3bd1e9f9f18\",\"name\":\"ELCA Advocacy\",\"image\":{\"@type\":\"ImageObject\",\"inLanguage\":\"en-US\",\"@id\":\"https:\\\/\\\/secure.gravatar.com\\\/avatar\\\/019f21e96b7f573e041a80bd2415aafed5bc4c3476e34ced9f9cd28e57bc08f5?s=96&d=mm&r=g\",\"url\":\"https:\\\/\\\/secure.gravatar.com\\\/avatar\\\/019f21e96b7f573e041a80bd2415aafed5bc4c3476e34ced9f9cd28e57bc08f5?s=96&d=mm&r=g\",\"contentUrl\":\"https:\\\/\\\/secure.gravatar.com\\\/avatar\\\/019f21e96b7f573e041a80bd2415aafed5bc4c3476e34ced9f9cd28e57bc08f5?s=96&d=mm&r=g\",\"caption\":\"ELCA Advocacy\"},\"url\":\"https:\\\/\\\/blogs.elca.org\\\/advocacy\\\/author\\\/andrewfuller\\\/\"}]}<\/script>\n<!-- \/ Yoast SEO plugin. -->","yoast_head_json":{"title":"Respondiendo con fe a las persecuciones de familias Centroamericanas para su deportaci\u00f3n - ELCA Advocacy","robots":{"index":"index","follow":"follow","max-snippet":"max-snippet:-1","max-image-preview":"max-image-preview:large","max-video-preview":"max-video-preview:-1"},"canonical":"https:\/\/blogs.elca.org\/advocacy\/respondiendo-con-fe-a-las-persecuciones-de-familias-centroamericanas-para-su-deportacion\/","og_locale":"en_US","og_type":"article","og_title":"Respondiendo con fe a las persecuciones de familias Centroamericanas para su deportaci\u00f3n - ELCA Advocacy","og_description":"ACTUALIZACION: El Departamento de Seguridad Nacional (DHS, por sus siglas en ingles) ha continuado a priorizar a ni\u00f1os(as) y familias para deportarlos(as) desde enero. Ayer, El Servicio de Inmigraci\u00f3n y Control de Aduanas de Estados Unidos anuncio que planean fortalecer los esfuerzos para detener y deportar a ni\u00f1os(as) y familias vulnerables en mayo y junio. [&hellip;]","og_url":"https:\/\/blogs.elca.org\/advocacy\/respondiendo-con-fe-a-las-persecuciones-de-familias-centroamericanas-para-su-deportacion\/","og_site_name":"ELCA Advocacy","article_published_time":"2016-01-11T21:44:43+00:00","article_modified_time":"2016-05-13T20:27:21+00:00","author":"ELCA Advocacy","twitter_card":"summary_large_image","twitter_misc":{"Written by":"ELCA Advocacy","Est. reading time":"5 minutes"},"schema":{"@context":"https:\/\/schema.org","@graph":[{"@type":"Article","@id":"https:\/\/blogs.elca.org\/advocacy\/respondiendo-con-fe-a-las-persecuciones-de-familias-centroamericanas-para-su-deportacion\/#article","isPartOf":{"@id":"https:\/\/blogs.elca.org\/advocacy\/respondiendo-con-fe-a-las-persecuciones-de-familias-centroamericanas-para-su-deportacion\/"},"author":{"name":"ELCA Advocacy","@id":"https:\/\/blogs.elca.org\/advocacy\/#\/schema\/person\/ddd48c04c9a7a77e016ff3bd1e9f9f18"},"headline":"Respondiendo con fe a las persecuciones de familias Centroamericanas para su deportaci\u00f3n","datePublished":"2016-01-11T21:44:43+00:00","dateModified":"2016-05-13T20:27:21+00:00","mainEntityOfPage":{"@id":"https:\/\/blogs.elca.org\/advocacy\/respondiendo-con-fe-a-las-persecuciones-de-familias-centroamericanas-para-su-deportacion\/"},"wordCount":955,"articleSection":["Post"],"inLanguage":"en-US"},{"@type":"WebPage","@id":"https:\/\/blogs.elca.org\/advocacy\/respondiendo-con-fe-a-las-persecuciones-de-familias-centroamericanas-para-su-deportacion\/","url":"https:\/\/blogs.elca.org\/advocacy\/respondiendo-con-fe-a-las-persecuciones-de-familias-centroamericanas-para-su-deportacion\/","name":"Respondiendo con fe a las persecuciones de familias Centroamericanas para su deportaci\u00f3n - ELCA Advocacy","isPartOf":{"@id":"https:\/\/blogs.elca.org\/advocacy\/#website"},"datePublished":"2016-01-11T21:44:43+00:00","dateModified":"2016-05-13T20:27:21+00:00","author":{"@id":"https:\/\/blogs.elca.org\/advocacy\/#\/schema\/person\/ddd48c04c9a7a77e016ff3bd1e9f9f18"},"breadcrumb":{"@id":"https:\/\/blogs.elca.org\/advocacy\/respondiendo-con-fe-a-las-persecuciones-de-familias-centroamericanas-para-su-deportacion\/#breadcrumb"},"inLanguage":"en-US","potentialAction":[{"@type":"ReadAction","target":["https:\/\/blogs.elca.org\/advocacy\/respondiendo-con-fe-a-las-persecuciones-de-familias-centroamericanas-para-su-deportacion\/"]}]},{"@type":"BreadcrumbList","@id":"https:\/\/blogs.elca.org\/advocacy\/respondiendo-con-fe-a-las-persecuciones-de-familias-centroamericanas-para-su-deportacion\/#breadcrumb","itemListElement":[{"@type":"ListItem","position":1,"name":"Home","item":"https:\/\/blogs.elca.org\/advocacy\/"},{"@type":"ListItem","position":2,"name":"Respondiendo con fe a las persecuciones de familias Centroamericanas para su deportaci\u00f3n"}]},{"@type":"WebSite","@id":"https:\/\/blogs.elca.org\/advocacy\/#website","url":"https:\/\/blogs.elca.org\/advocacy\/","name":"ELCA Advocacy","description":"Advocacy ministries of the ELCA want to share stories and your voices about public policies and relevant advocacy issues that are of interest to you.","potentialAction":[{"@type":"SearchAction","target":{"@type":"EntryPoint","urlTemplate":"https:\/\/blogs.elca.org\/advocacy\/?s={search_term_string}"},"query-input":{"@type":"PropertyValueSpecification","valueRequired":true,"valueName":"search_term_string"}}],"inLanguage":"en-US"},{"@type":"Person","@id":"https:\/\/blogs.elca.org\/advocacy\/#\/schema\/person\/ddd48c04c9a7a77e016ff3bd1e9f9f18","name":"ELCA Advocacy","image":{"@type":"ImageObject","inLanguage":"en-US","@id":"https:\/\/secure.gravatar.com\/avatar\/019f21e96b7f573e041a80bd2415aafed5bc4c3476e34ced9f9cd28e57bc08f5?s=96&d=mm&r=g","url":"https:\/\/secure.gravatar.com\/avatar\/019f21e96b7f573e041a80bd2415aafed5bc4c3476e34ced9f9cd28e57bc08f5?s=96&d=mm&r=g","contentUrl":"https:\/\/secure.gravatar.com\/avatar\/019f21e96b7f573e041a80bd2415aafed5bc4c3476e34ced9f9cd28e57bc08f5?s=96&d=mm&r=g","caption":"ELCA Advocacy"},"url":"https:\/\/blogs.elca.org\/advocacy\/author\/andrewfuller\/"}]}},"_links":{"self":[{"href":"https:\/\/blogs.elca.org\/advocacy\/wp-json\/wp\/v2\/posts\/1156","targetHints":{"allow":["GET"]}}],"collection":[{"href":"https:\/\/blogs.elca.org\/advocacy\/wp-json\/wp\/v2\/posts"}],"about":[{"href":"https:\/\/blogs.elca.org\/advocacy\/wp-json\/wp\/v2\/types\/post"}],"author":[{"embeddable":true,"href":"https:\/\/blogs.elca.org\/advocacy\/wp-json\/wp\/v2\/users\/219"}],"replies":[{"embeddable":true,"href":"https:\/\/blogs.elca.org\/advocacy\/wp-json\/wp\/v2\/comments?post=1156"}],"version-history":[{"count":3,"href":"https:\/\/blogs.elca.org\/advocacy\/wp-json\/wp\/v2\/posts\/1156\/revisions"}],"predecessor-version":[{"id":1358,"href":"https:\/\/blogs.elca.org\/advocacy\/wp-json\/wp\/v2\/posts\/1156\/revisions\/1358"}],"wp:attachment":[{"href":"https:\/\/blogs.elca.org\/advocacy\/wp-json\/wp\/v2\/media?parent=1156"}],"wp:term":[{"taxonomy":"category","embeddable":true,"href":"https:\/\/blogs.elca.org\/advocacy\/wp-json\/wp\/v2\/categories?post=1156"},{"taxonomy":"post_tag","embeddable":true,"href":"https:\/\/blogs.elca.org\/advocacy\/wp-json\/wp\/v2\/tags?post=1156"}],"curies":[{"name":"wp","href":"https:\/\/api.w.org\/{rel}","templated":true}]}}